{"id":5842,"date":"2020-04-10T16:10:07","date_gmt":"2020-04-10T14:10:07","guid":{"rendered":"https:\/\/teneg.pl\/its\/?p=5842"},"modified":"2025-01-16T12:33:57","modified_gmt":"2025-01-16T11:33:57","slug":"webinar-tarcza-antykryzysowa-i-inne-zmiany-w-przepisach","status":"publish","type":"post","link":"https:\/\/teneg.pl\/its\/webinar-tarcza-antykryzysowa-i-inne-zmiany-w-przepisach\/","title":{"rendered":"Webinar \u201eTarcza Antykryzysowa i inne zmiany w przepisach\u201d"},"content":{"rendered":"<div class=\"fusion-fullwidth fullwidth-box fusion-builder-row-1 fusion-flex-container nonhundred-percent-fullwidth non-hundred-percent-height-scrolling\" style=\"--awb-border-radius-top-left:0px;--awb-border-radius-top-right:0px;--awb-border-radius-bottom-right:0px;--awb-border-radius-bottom-left:0px;--awb-flex-wrap:wrap;\" ><div class=\"fusion-builder-row fusion-row fusion-flex-align-items-flex-start fusion-flex-content-wrap\" style=\"max-width:1144px;margin-left: calc(-4% \/ 2 );margin-right: calc(-4% \/ 2 );\"><div class=\"fusion-layout-column fusion_builder_column fusion-builder-column-0 fusion_builder_column_1_1 1_1 fusion-flex-column\" style=\"--awb-bg-size:cover;--awb-width-large:100%;--awb-margin-top-large:0px;--awb-spacing-right-large:1.92%;--awb-margin-bottom-large:0px;--awb-spacing-left-large:1.92%;--awb-width-medium:100%;--awb-spacing-right-medium:1.92%;--awb-spacing-left-medium:1.92%;--awb-width-small:100%;--awb-spacing-right-small:1.92%;--awb-spacing-left-small:1.92%;\"><div class=\"fusion-column-wrapper fusion-flex-justify-content-flex-start fusion-content-layout-column\"><div class=\"fusion-text fusion-text-1\"><p>Zach\u0119camy do udzia\u0142u w webinarze dotycz\u0105cym rz\u0105dowego pakietu pomocowego dla firm, kt\u00f3ry zosta\u0142 przygotowany wsp\u00f3lnie przez Comarch i doradc\u00f3w podatkowych Taxpoint. Wydarzenie to odb\u0119dzie si\u0119 15 kwietnia, o godz. 11.00. Szczeg\u00f3\u0142owo om\u00f3wione zostan\u0105 wa\u017cne dla Nas wszystkich kwestie dop\u0142at do wynagrodze\u0144, odroczenia obowi\u0105zk\u00f3w pracodawcy, zmian w podatkach i ubezpieczeniach spo\u0142ecznych.<br \/>\nSpecjali\u015bci opowiedz\u0105 r\u00f3wnie\u017c kt\u00f3rym firmom przys\u0142uguje pomoc i jak si\u0119 o ni\u0105 ubiega\u0107 oraz jak zmiany prawno-podatkowe zostan\u0105 obs\u0142u\u017cone w systemach Comarch ERP.<\/p>\n<p><strong>Bezp\u0142atny webinar, 15 kwietnia, godz.11.00<\/strong><\/p>\n<p><a href=\"https:\/\/webinary.comarch.pl\/tarcza-antykryzysowa-i-inne-zmiany-w-przepisach\/?utm_source=erp_optima&amp;utm_medium=CTA&amp;utm_content=webinar_tarcza_antykryzysowa\">ZAPISZ SI\u0118<\/a><\/p>\n<\/div><\/div><\/div><\/div><\/div>\n","protected":false},"excerpt":{"rendered":"","protected":false},"author":1,"featured_media":5852,"comment_status":"closed","ping_status":"open","sticky":false,"template":"","format":"standard","meta":{"footnotes":""},"categories":[91,6],"tags":[15,112],"class_list":["post-5842","post","type-post","status-publish","format-standard","has-post-thumbnail","hentry","category-wdrozenia_systemow","category-wszystkie","tag-comarch","tag-szkolenia"],"_links":{"self":[{"href":"https:\/\/teneg.pl\/its\/wp-json\/wp\/v2\/posts\/5842","targetHints":{"allow":["GET"]}}],"collection":[{"href":"https:\/\/teneg.pl\/its\/wp-json\/wp\/v2\/posts"}],"about":[{"href":"https:\/\/teneg.pl\/its\/wp-json\/wp\/v2\/types\/post"}],"author":[{"embeddable":true,"href":"https:\/\/teneg.pl\/its\/wp-json\/wp\/v2\/users\/1"}],"replies":[{"embeddable":true,"href":"https:\/\/teneg.pl\/its\/wp-json\/wp\/v2\/comments?post=5842"}],"version-history":[{"count":3,"href":"https:\/\/teneg.pl\/its\/wp-json\/wp\/v2\/posts\/5842\/revisions"}],"predecessor-version":[{"id":19091,"href":"https:\/\/teneg.pl\/its\/wp-json\/wp\/v2\/posts\/5842\/revisions\/19091"}],"wp:featuredmedia":[{"embeddable":true,"href":"https:\/\/teneg.pl\/its\/wp-json\/wp\/v2\/media\/5852"}],"wp:attachment":[{"href":"https:\/\/teneg.pl\/its\/wp-json\/wp\/v2\/media?parent=5842"}],"wp:term":[{"taxonomy":"category","embeddable":true,"href":"https:\/\/teneg.pl\/its\/wp-json\/wp\/v2\/categories?post=5842"},{"taxonomy":"post_tag","embeddable":true,"href":"https:\/\/teneg.pl\/its\/wp-json\/wp\/v2\/tags?post=5842"}],"curies":[{"name":"wp","href":"https:\/\/api.w.org\/{rel}","templated":true}]}}