{"id":5780,"date":"2020-03-09T16:36:04","date_gmt":"2020-03-09T15:36:04","guid":{"rendered":"https:\/\/teneg.pl\/its\/?p=5780"},"modified":"2025-01-16T12:34:45","modified_gmt":"2025-01-16T11:34:45","slug":"ekipa-inter-europol-competition-w-24h-le-mans","status":"publish","type":"post","link":"https:\/\/teneg.pl\/its\/ekipa-inter-europol-competition-w-24h-le-mans\/","title":{"rendered":"Ekipa Inter Europol Competition w 24h Le Mans!"},"content":{"rendered":"<div class=\"fusion-fullwidth fullwidth-box fusion-builder-row-1 fusion-flex-container nonhundred-percent-fullwidth non-hundred-percent-height-scrolling\" style=\"--awb-border-radius-top-left:0px;--awb-border-radius-top-right:0px;--awb-border-radius-bottom-right:0px;--awb-border-radius-bottom-left:0px;--awb-flex-wrap:wrap;\" ><div class=\"fusion-builder-row fusion-row fusion-flex-align-items-flex-start fusion-flex-content-wrap\" style=\"max-width:1144px;margin-left: calc(-4% \/ 2 );margin-right: calc(-4% \/ 2 );\"><div class=\"fusion-layout-column fusion_builder_column fusion-builder-column-0 fusion_builder_column_1_1 1_1 fusion-flex-column\" style=\"--awb-bg-size:cover;--awb-width-large:100%;--awb-margin-top-large:0px;--awb-spacing-right-large:1.92%;--awb-margin-bottom-large:0px;--awb-spacing-left-large:1.92%;--awb-width-medium:100%;--awb-spacing-right-medium:1.92%;--awb-spacing-left-medium:1.92%;--awb-width-small:100%;--awb-spacing-right-small:1.92%;--awb-spacing-left-small:1.92%;\"><div class=\"fusion-column-wrapper fusion-flex-justify-content-flex-start fusion-content-layout-column\"><div class=\"fusion-text fusion-text-1\"><p>Od lat z dum\u0105 wspieramy i kibicujemy ekipie wy\u015bcigowej Inter Europol Competition, dlatego z rado\u015bci\u0105 informujemy \u017ce polski zesp\u00f3\u0142 po raz kolejny znalaz\u0142 si\u0119 na li\u015bcie 24-godzinnego wy\u015bcigu Le Mans. Jakub \u015amiechowski i Mathias Beche, b\u0119d\u0105 konkurowa\u0107 z 23 rywalami w klasie LMP2. Jak niedawno og\u0142oszono trzecim kierowc\u0105 b\u0119dzie Rene Binder.<\/p>\n<p>Wszystkich entuzjast\u00f3w emocji zach\u0119camy do regularnego odwiedzania strony teamu <a href=\"https:\/\/intereuropolcompetition.eu\/\">https:\/\/intereuropolcompetition.eu\/<\/a>\u00a0 oraz \u015bledzia naszej strony internetowej, gdzie w czasie trwania wy\u015bcig\u00f3w z udzia\u0142em ekipy Inter Europol udost\u0119pniamy linki do transmisji na \u017cywo.<\/p>\n<\/div><\/div><\/div><\/div><\/div>\n","protected":false},"excerpt":{"rendered":"","protected":false},"author":1,"featured_media":5781,"comment_status":"closed","ping_status":"open","sticky":false,"template":"","format":"standard","meta":{"footnotes":""},"categories":[90,6],"tags":[114],"class_list":["post-5780","post","type-post","status-publish","format-standard","has-post-thumbnail","hentry","category-inne","category-wszystkie","tag-inter-europol-competition"],"_links":{"self":[{"href":"https:\/\/teneg.pl\/its\/wp-json\/wp\/v2\/posts\/5780","targetHints":{"allow":["GET"]}}],"collection":[{"href":"https:\/\/teneg.pl\/its\/wp-json\/wp\/v2\/posts"}],"about":[{"href":"https:\/\/teneg.pl\/its\/wp-json\/wp\/v2\/types\/post"}],"author":[{"embeddable":true,"href":"https:\/\/teneg.pl\/its\/wp-json\/wp\/v2\/users\/1"}],"replies":[{"embeddable":true,"href":"https:\/\/teneg.pl\/its\/wp-json\/wp\/v2\/comments?post=5780"}],"version-history":[{"count":3,"href":"https:\/\/teneg.pl\/its\/wp-json\/wp\/v2\/posts\/5780\/revisions"}],"predecessor-version":[{"id":19095,"href":"https:\/\/teneg.pl\/its\/wp-json\/wp\/v2\/posts\/5780\/revisions\/19095"}],"wp:featuredmedia":[{"embeddable":true,"href":"https:\/\/teneg.pl\/its\/wp-json\/wp\/v2\/media\/5781"}],"wp:attachment":[{"href":"https:\/\/teneg.pl\/its\/wp-json\/wp\/v2\/media?parent=5780"}],"wp:term":[{"taxonomy":"category","embeddable":true,"href":"https:\/\/teneg.pl\/its\/wp-json\/wp\/v2\/categories?post=5780"},{"taxonomy":"post_tag","embeddable":true,"href":"https:\/\/teneg.pl\/its\/wp-json\/wp\/v2\/tags?post=5780"}],"curies":[{"name":"wp","href":"https:\/\/api.w.org\/{rel}","templated":true}]}}