{"id":5165,"date":"2018-12-20T13:29:14","date_gmt":"2018-12-20T12:29:14","guid":{"rendered":"https:\/\/teneg.pl\/its\/?p=5165"},"modified":"2025-01-16T12:39:20","modified_gmt":"2025-01-16T11:39:20","slug":"pracownicze-plany-kapitalowe","status":"publish","type":"post","link":"https:\/\/teneg.pl\/its\/pracownicze-plany-kapitalowe\/","title":{"rendered":"Przedsi\u0119biorc\u00f3w czekaj\u0105 zmiany. Firmy maj\u0105 czas do 1 lipca."},"content":{"rendered":"<div class=\"fusion-fullwidth fullwidth-box fusion-builder-row-1 fusion-flex-container nonhundred-percent-fullwidth non-hundred-percent-height-scrolling\" style=\"--awb-border-radius-top-left:0px;--awb-border-radius-top-right:0px;--awb-border-radius-bottom-right:0px;--awb-border-radius-bottom-left:0px;--awb-flex-wrap:wrap;\" ><div class=\"fusion-builder-row fusion-row fusion-flex-align-items-flex-start fusion-flex-content-wrap\" style=\"max-width:1144px;margin-left: calc(-4% \/ 2 );margin-right: calc(-4% \/ 2 );\"><div class=\"fusion-layout-column fusion_builder_column fusion-builder-column-0 fusion_builder_column_1_1 1_1 fusion-flex-column\" style=\"--awb-bg-size:cover;--awb-width-large:100%;--awb-margin-top-large:0px;--awb-spacing-right-large:1.92%;--awb-margin-bottom-large:0px;--awb-spacing-left-large:1.92%;--awb-width-medium:100%;--awb-spacing-right-medium:1.92%;--awb-spacing-left-medium:1.92%;--awb-width-small:100%;--awb-spacing-right-small:1.92%;--awb-spacing-left-small:1.92%;\"><div class=\"fusion-column-wrapper fusion-flex-justify-content-flex-start fusion-content-layout-column\"><div class=\"fusion-text fusion-text-1\"><p class=\"Standard\"><b>Rz\u0105d da\u0142 niewiele ponad osiem miesi\u0119cy na utworzenie w firmach Pracowniczych Plan\u00f3w Kapita\u0142owych. Dla przedsi\u0119biorc\u00f3w jest to obowi\u0105zek, natomiast pracownikom pozostawiono swobod\u0119 decyzyjno\u015bci. Firmy maj\u0105 czas do 1 lipca.<\/b><\/p>\n<p>Pracownicze Plany Kapita\u0142owe to program oszcz\u0119dzania w ramach III filaru systemu emerytalnego.\u00a0 \u015arodki, kt\u00f3re b\u0119d\u0105 gromadzone na indywidualnych kontach maj\u0105 pochodzi\u0107 ze sk\u0142adek pracownika, pracodawcy i bud\u017cetu pa\u0144stwa. W zwi\u0105zku z tym najwi\u0119ksz\u0105 rol\u0119 w obs\u0142udze programu odegraj\u0105 dzia\u0142y kadr w poszczeg\u00f3lnych firmach.<\/p>\n<p>Ustawodawca zak\u0142ada dobrowolny udzia\u0142 pracownika w PPK. Uczestnik programu b\u0119dzie m\u00f3g\u0142 korzysta\u0107 ze zgromadzonych \u015brodk\u00f3w po osi\u0105gni\u0119ciu 60 roku \u017cycia w formie wyp\u0142at ratalnych w okresie 10 lat. Pracownikowi przys\u0142uguje r\u00f3wnie\u017c prawo rezygnacji z udzia\u0142u w programie.<\/p>\n<p>Do najwa\u017cniejszych zada\u0144 przedsi\u0119biorcy w ramach tworzenia PPK b\u0119dzie odprowadzanie wszystkich sk\u0142adek do wybranej instytucji finansowej, ewidencja pracownik\u00f3w, kt\u00f3rzy zdecydowali lub odm\u00f3wili udzia\u0142 oraz prowadzenie dokumentacji. PPK b\u0119dzie wprowadzana etapami uzale\u017cniaj\u0105c termin wdro\u017ce\u0144 od liczby zatrudnianych pracownik\u00f3w. Du\u017ce firmy, w kt\u00f3rych pracuje ponad 250 os\u00f3b\u00a0 maj\u0105 czas na uruchomienie programu do 1 lipca 2019 roku. Kolejny etap to firmy o kadrach powy\u017cej 50 os\u00f3b. W tym przypadku termin obowi\u0105zuj\u0105cy grudzie\u0144 przysz\u0142ego roku. Pozosta\u0142e firmy maj\u0105 czas do 2020 roku.<\/p>\n<p>Surowe sankcje czekaj\u0105 przedsi\u0119biorc\u00f3w, kt\u00f3rzy nie dostosuj\u0105 si\u0119 do nowych przepis\u00f3w. Ustawodawca przewidzia\u0142 za nie dope\u0142nienie obowi\u0105zku realizowania programu Pracowniczych Plan\u00f3w Kapita\u0142owych kary grzywny w wysoko\u015bci od 1000 z\u0142otych do nawet 1 000 000 z\u0142otych.<\/p>\n<p>Naprzeciw oczekiwaniom przedsi\u0119biorc\u00f3w wysz\u0142a firma Comarch oferuj\u0105c aplikacj\u0119 obs\u0142uguj\u0105c\u0105 PPK\u00a0 kompatybiln\u0105 z systemami ERP. Oferta krakowskiej firmy to nowoczesne systemy zarz\u0105dzania procesami biznesowymi w du\u017cych, \u015brednich i ma\u0142ych przedsi\u0119biorstwach. Rozwi\u0105zania oferowane przez Comarch podnosz\u0105 efektywno\u015b\u0107 przedsi\u0119biorstw dzi\u0119ki wprowadzenia mobilnych aplikacji, inteligentnego gromadzenia danych oraz narz\u0119dzi e-commerce. Wi\u0119cej na ten temat dowiesz si\u0119 w naszych zak\u0142adkach.<\/p>\n<p style=\"text-align: right;\"><a href=\"\/its\/partner-comarch-warszawa\/\">Wi\u0119cej o Comarch<\/a><\/p>\n<p>&nbsp;<\/p>\n<p>&nbsp;<\/p>\n<\/div><\/div><\/div><\/div><\/div>\n","protected":false},"excerpt":{"rendered":"","protected":false},"author":1,"featured_media":5170,"comment_status":"closed","ping_status":"open","sticky":false,"template":"","format":"standard","meta":{"footnotes":""},"categories":[91,6],"tags":[15],"class_list":["post-5165","post","type-post","status-publish","format-standard","has-post-thumbnail","hentry","category-wdrozenia_systemow","category-wszystkie","tag-comarch"],"_links":{"self":[{"href":"https:\/\/teneg.pl\/its\/wp-json\/wp\/v2\/posts\/5165","targetHints":{"allow":["GET"]}}],"collection":[{"href":"https:\/\/teneg.pl\/its\/wp-json\/wp\/v2\/posts"}],"about":[{"href":"https:\/\/teneg.pl\/its\/wp-json\/wp\/v2\/types\/post"}],"author":[{"embeddable":true,"href":"https:\/\/teneg.pl\/its\/wp-json\/wp\/v2\/users\/1"}],"replies":[{"embeddable":true,"href":"https:\/\/teneg.pl\/its\/wp-json\/wp\/v2\/comments?post=5165"}],"version-history":[{"count":4,"href":"https:\/\/teneg.pl\/its\/wp-json\/wp\/v2\/posts\/5165\/revisions"}],"predecessor-version":[{"id":19121,"href":"https:\/\/teneg.pl\/its\/wp-json\/wp\/v2\/posts\/5165\/revisions\/19121"}],"wp:featuredmedia":[{"embeddable":true,"href":"https:\/\/teneg.pl\/its\/wp-json\/wp\/v2\/media\/5170"}],"wp:attachment":[{"href":"https:\/\/teneg.pl\/its\/wp-json\/wp\/v2\/media?parent=5165"}],"wp:term":[{"taxonomy":"category","embeddable":true,"href":"https:\/\/teneg.pl\/its\/wp-json\/wp\/v2\/categories?post=5165"},{"taxonomy":"post_tag","embeddable":true,"href":"https:\/\/teneg.pl\/its\/wp-json\/wp\/v2\/tags?post=5165"}],"curies":[{"name":"wp","href":"https:\/\/api.w.org\/{rel}","templated":true}]}}