{"id":4878,"date":"2018-10-11T14:15:30","date_gmt":"2018-10-11T12:15:30","guid":{"rendered":"https:\/\/teneg.pl\/its\/?p=4878"},"modified":"2025-01-16T12:41:26","modified_gmt":"2025-01-16T11:41:26","slug":"relacja-z-konferencji-comarch-partnerstwo","status":"publish","type":"post","link":"https:\/\/teneg.pl\/its\/relacja-z-konferencji-comarch-partnerstwo\/","title":{"rendered":"Relacja z konferencji Comarch Partnerstwo"},"content":{"rendered":"<div class=\"fusion-fullwidth fullwidth-box fusion-builder-row-1 fusion-flex-container nonhundred-percent-fullwidth non-hundred-percent-height-scrolling\" style=\"--awb-border-radius-top-left:0px;--awb-border-radius-top-right:0px;--awb-border-radius-bottom-right:0px;--awb-border-radius-bottom-left:0px;--awb-flex-wrap:wrap;\" ><div class=\"fusion-builder-row fusion-row fusion-flex-align-items-flex-start fusion-flex-content-wrap\" style=\"max-width:1144px;margin-left: calc(-4% \/ 2 );margin-right: calc(-4% \/ 2 );\"><div class=\"fusion-layout-column fusion_builder_column fusion-builder-column-0 fusion_builder_column_1_1 1_1 fusion-flex-column\" style=\"--awb-bg-size:cover;--awb-width-large:100%;--awb-margin-top-large:0px;--awb-spacing-right-large:1.92%;--awb-margin-bottom-large:0px;--awb-spacing-left-large:1.92%;--awb-width-medium:100%;--awb-spacing-right-medium:1.92%;--awb-spacing-left-medium:1.92%;--awb-width-small:100%;--awb-spacing-right-small:1.92%;--awb-spacing-left-small:1.92%;\"><div class=\"fusion-column-wrapper fusion-flex-justify-content-flex-start fusion-content-layout-column\"><div class=\"fusion-text fusion-text-1\"><p>Coroczne spotkanie Comarch z Partnerami, w kt\u00f3rym mieli\u015bmy przyjemno\u015b\u0107 uczestniczy\u0107, odby\u0142o si\u0119 pod has\u0142em \u201eDigitalizacja\u201d.<\/p>\n<p>Podczas konferencji mieli\u015bmy okazj\u0119 wys\u0142ucha\u0107 wizji rozwoju Comarchu przedstawionej przez Janusza Filipiaka (Za\u0142o\u017cyciela i Prezesa Zarz\u0105du) oraz zapozna\u0107 si\u0119 z kierunkami rozwoju poszczeg\u00f3lnych produkt\u00f3w. Pojawi\u0142y si\u0119 m.in. informacje o planach dodania kontroli jako\u015bci w module produkcji, podej\u015bciu do zarz\u0105dzania bud\u017cetami projekt\u00f3w w module projekty i ich relacji z DMS.<\/p>\n<p>Konferencja Partnerstwo to przede wszystkim pot\u0119\u017cna dawka wiedzy i mo\u017cliwo\u015b\u0107 zdobycia nowych umiej\u0119tno\u015bci. Jak co roku nie zabrak\u0142o wyst\u0105pie\u0144 najwa\u017cniejszych os\u00f3b z Comarch, tw\u00f3rc\u00f3w system\u00f3w i ekspert\u00f3w. Nowo\u015bci, wdro\u017cenia, a tak\u017ce okre\u015blenie wsp\u00f3lnych cel\u00f3w i dob\u00f3r odpowiednich narz\u0119dzi do ich realizacji, to jedne z najwa\u017cniejszych temat\u00f3w naszego spotkania.<br \/>\nZ zaciekawieniem oczekujemy na przysz\u0142oroczne spotkanie.<\/p>\n<\/div><\/div><\/div><\/div><\/div>\n","protected":false},"excerpt":{"rendered":"","protected":false},"author":1,"featured_media":4879,"comment_status":"closed","ping_status":"open","sticky":false,"template":"","format":"standard","meta":{"footnotes":""},"categories":[91,6],"tags":[15],"class_list":["post-4878","post","type-post","status-publish","format-standard","has-post-thumbnail","hentry","category-wdrozenia_systemow","category-wszystkie","tag-comarch"],"_links":{"self":[{"href":"https:\/\/teneg.pl\/its\/wp-json\/wp\/v2\/posts\/4878","targetHints":{"allow":["GET"]}}],"collection":[{"href":"https:\/\/teneg.pl\/its\/wp-json\/wp\/v2\/posts"}],"about":[{"href":"https:\/\/teneg.pl\/its\/wp-json\/wp\/v2\/types\/post"}],"author":[{"embeddable":true,"href":"https:\/\/teneg.pl\/its\/wp-json\/wp\/v2\/users\/1"}],"replies":[{"embeddable":true,"href":"https:\/\/teneg.pl\/its\/wp-json\/wp\/v2\/comments?post=4878"}],"version-history":[{"count":2,"href":"https:\/\/teneg.pl\/its\/wp-json\/wp\/v2\/posts\/4878\/revisions"}],"predecessor-version":[{"id":19126,"href":"https:\/\/teneg.pl\/its\/wp-json\/wp\/v2\/posts\/4878\/revisions\/19126"}],"wp:featuredmedia":[{"embeddable":true,"href":"https:\/\/teneg.pl\/its\/wp-json\/wp\/v2\/media\/4879"}],"wp:attachment":[{"href":"https:\/\/teneg.pl\/its\/wp-json\/wp\/v2\/media?parent=4878"}],"wp:term":[{"taxonomy":"category","embeddable":true,"href":"https:\/\/teneg.pl\/its\/wp-json\/wp\/v2\/categories?post=4878"},{"taxonomy":"post_tag","embeddable":true,"href":"https:\/\/teneg.pl\/its\/wp-json\/wp\/v2\/tags?post=4878"}],"curies":[{"name":"wp","href":"https:\/\/api.w.org\/{rel}","templated":true}]}}