{"id":4814,"date":"2018-08-31T13:58:57","date_gmt":"2018-08-31T11:58:57","guid":{"rendered":"https:\/\/teneg.pl\/its\/?p=4814"},"modified":"2025-01-16T12:41:50","modified_gmt":"2025-01-16T11:41:50","slug":"spotkanie-comarch-erp-xl-2018","status":"publish","type":"post","link":"https:\/\/teneg.pl\/its\/spotkanie-comarch-erp-xl-2018\/","title":{"rendered":"Spotkanie Comarch ERP XL 2018"},"content":{"rendered":"<p><div class=\"fusion-fullwidth fullwidth-box fusion-builder-row-1 nonhundred-percent-fullwidth non-hundred-percent-height-scrolling\" style=\"--awb-border-radius-top-left:0px;--awb-border-radius-top-right:0px;--awb-border-radius-bottom-right:0px;--awb-border-radius-bottom-left:0px;--awb-flex-wrap:wrap;\" ><div class=\"fusion-builder-row fusion-row\"><div class=\"fusion-layout-column fusion_builder_column fusion-builder-column-0 fusion_builder_column_1_1 1_1 fusion-one-full fusion-column-first fusion-column-last\" style=\"--awb-bg-size:cover;--awb-margin-bottom:0px;\"><div class=\"fusion-column-wrapper fusion-flex-column-wrapper-legacy\"><div class=\"fusion-text fusion-text-1\"><p>Serdecznie zapraszamy Pa\u0144stwa na coroczne wrze\u015bniowe <strong>Spotkania Comarch ERP XL<\/strong>, kt\u00f3re w tym roku przebiegn\u0105 pod has\u0142em <strong>digitalizacji<\/strong>.<\/p>\n<p>Podczas tegorocznego spotkania specjali\u015bci Comarch podpowiedz\u0105, jak w stu procentach wykorzystywa\u0107 mo\u017cliwo\u015bci ERP XL dla <strong>optymalizacji proces\u00f3w w firmie<\/strong> oraz dla <strong>maksymalizacji zysk\u00f3w.<\/strong><\/p>\n<p>Konferencja odb\u0119dzie si\u0119 w pi\u0119ciu miastach: Krakowie, Warszawie, Gda\u0144sku, Poznaniu i Wroc\u0142awiu. Podczas spotkania poznaj\u0105 Pa\u0144stwo szereg nowo\u015bci &#8211; m.in.\u00a0wielo\u017ar\u00f3d\u0142owe raportowanie, spinacze element\u00f3w, obs\u0142ug\u0119 split payment i RODO czy zmiany w Comarch MES. Przedstawione zostan\u0105 tak\u017ce kolejne nowo\u015bci szykowane na nast\u0119pne miesi\u0105ce.<\/p>\n<p>Do Pa\u0144stwa dyspozycji dost\u0119pna b\u0119dzie tak\u017ce <strong>Strefa Eksperta<\/strong> \u2013 przestrze\u0144 indywidualnych konsultacji ze specjalistami, kt\u00f3rzy b\u0119d\u0105 dost\u0119pni od rana a\u017c do zako\u0144czenia konferencji.<\/p>\n<p>W celu rejestracji wype\u0142nij poni\u017cszy formularz. Nie mo\u017ce Ci\u0119 zabrakn\u0105\u0107!<\/p>\n<\/div><div class=\"fusion-clearfix\"><\/div><\/div><\/div><\/div><\/div><div class=\"fusion-fullwidth fullwidth-box fusion-builder-row-2 nonhundred-percent-fullwidth non-hundred-percent-height-scrolling\" style=\"--awb-border-radius-top-left:0px;--awb-border-radius-top-right:0px;--awb-border-radius-bottom-right:0px;--awb-border-radius-bottom-left:0px;--awb-flex-wrap:wrap;\" ><div class=\"fusion-builder-row fusion-row\"><div class=\"fusion-layout-column fusion_builder_column fusion-builder-column-1 fusion_builder_column_1_1 1_1 fusion-one-full fusion-column-first fusion-column-last\" style=\"--awb-padding-top:10px;--awb-padding-right:40px;--awb-padding-bottom:10px;--awb-padding-left:40px;--awb-bg-color:#f6f6f6;--awb-bg-color-hover:#f6f6f6;--awb-bg-size:cover;\"><div class=\"fusion-column-wrapper fusion-flex-column-wrapper-legacy\">\n<div class=\"wpcf7 no-js\" id=\"wpcf7-f4831-o1\" lang=\"pl-PL\" dir=\"ltr\" data-wpcf7-id=\"4831\">\n<div class=\"screen-reader-response\"><p role=\"status\" aria-live=\"polite\" aria-atomic=\"true\"><\/p> <ul><\/ul><\/div>\n<form action=\"\/its\/wp-json\/wp\/v2\/posts\/4814#wpcf7-f4831-o1\" method=\"post\" class=\"wpcf7-form init\" aria-label=\"Formularz kontaktowy\" novalidate=\"novalidate\" data-status=\"init\">\n<fieldset class=\"hidden-fields-container\"><input type=\"hidden\" name=\"_wpcf7\" value=\"4831\" \/><input type=\"hidden\" name=\"_wpcf7_version\" value=\"6.1.5\" \/><input type=\"hidden\" name=\"_wpcf7_locale\" value=\"pl_PL\" \/><input type=\"hidden\" name=\"_wpcf7_unit_tag\" value=\"wpcf7-f4831-o1\" \/><input type=\"hidden\" name=\"_wpcf7_container_post\" value=\"0\" \/><input type=\"hidden\" name=\"_wpcf7_posted_data_hash\" value=\"\" \/><input type=\"hidden\" name=\"_wpcf7_recaptcha_response\" value=\"\" \/>\n<\/fieldset>\n<div class=\"wpcf7-turnstile cf-turnstile\" data-sitekey=\"0x4AAAAAABmXfn2U37MaNuKr\" data-response-field-name=\"_wpcf7_turnstile_response\"><\/div>\n\n<h3 style=\"margin-bottom: 0px;\">Formularz rejestracji na spotkanie\n<\/h3>\n<p><i>Prosz\u0119 uzupe\u0142ni\u0107 pola:<\/i>\n<\/p>\n<p><label> Imi\u0119 i nazwisko (wymagane)<br \/>\n<span class=\"wpcf7-form-control-wrap\" data-name=\"text-imie\"><input size=\"40\" maxlength=\"400\" class=\"wpcf7-form-control wpcf7-text wpcf7-validates-as-required\" aria-required=\"true\" aria-invalid=\"false\" value=\"\" type=\"text\" name=\"text-imie\" \/><\/span> <\/label>\n<\/p>\n<p><label> Adres email (wymagane)<br \/>\n<span class=\"wpcf7-form-control-wrap\" data-name=\"email-email\"><input size=\"40\" maxlength=\"400\" class=\"wpcf7-form-control wpcf7-email wpcf7-validates-as-required wpcf7-text wpcf7-validates-as-email\" aria-required=\"true\" aria-invalid=\"false\" value=\"\" type=\"email\" name=\"email-email\" \/><\/span> <\/label><br \/>\n[group newsletter_pytanie]\n<\/p>\n<div class=\"zgoda_na_newsletter\">\n\t<p>Je\u015bli chcesz by\u0107 na bie\u017c\u0105co, <b>zapisz si\u0119 na subskrypcj\u0119 newslettera<\/b>, zaznaczaj\u0105c poni\u017csz\u0105 zgod\u0119:\n\t<\/p>\n\t<p><label><span class=\"wpcf7-form-control-wrap\" data-name=\"zgoda\"><span class=\"wpcf7-form-control wpcf7-checkbox\"><span class=\"wpcf7-list-item first last\"><input type=\"checkbox\" name=\"zgoda[]\" value=\"Wyra\u017cam zgod\u0119 na otrzymywanie informacji handlowych drog\u0105 elektroniczn\u0105 (e-mail). Wyra\u017cenie zgody jest dobrowolne i mo\u017ce by\u0107 odwo\u0142ane w ka\u017cdej chwili.\" \/><span class=\"wpcf7-list-item-label\">Wyra\u017cam zgod\u0119 na otrzymywanie informacji handlowych drog\u0105 elektroniczn\u0105 (e-mail). Wyra\u017cenie zgody jest dobrowolne i mo\u017ce by\u0107 odwo\u0142ane w ka\u017cdej chwili.<\/span><\/span><\/span><\/span><\/label>\n\t<\/p>\n<\/div>\n<p>[\/group]\n<\/p>\n<p><label> Numer Telefonu (wymagane)<br \/>\n<span class=\"wpcf7-form-control-wrap\" data-name=\"tel-telefon\"><input size=\"40\" maxlength=\"400\" class=\"wpcf7-form-control wpcf7-tel wpcf7-validates-as-required wpcf7-text wpcf7-validates-as-tel\" aria-required=\"true\" aria-invalid=\"false\" value=\"\" type=\"tel\" name=\"tel-telefon\" \/><\/span> <\/label><br \/>\n[group kontakt_telefoniczny]\n<\/p>\n<div class=\"zgoda_na_telefon\">\n\t<p><b>Prosimy o wyra\u017cenie poni\u017cszej zgody<\/b>, aby nasz specjalista m\u00f3g\u0142 si\u0119 z Tob\u0105 skontaktowa\u0107:\n\t<\/p>\n\t<p><label><span class=\"wpcf7-form-control-wrap\" data-name=\"zgoda2\"><span class=\"wpcf7-form-control wpcf7-checkbox\"><span class=\"wpcf7-list-item first last\"><input type=\"checkbox\" name=\"zgoda2[]\" value=\"Wyra\u017cam zgod\u0119 na otrzymywanie informacji handlowych drog\u0105 telefoniczn\u0105. Wyra\u017cenie zgody jest dobrowolne i mo\u017ce by\u0107 odwo\u0142ane w ka\u017cdej chwili.\" \/><span class=\"wpcf7-list-item-label\">Wyra\u017cam zgod\u0119 na otrzymywanie informacji handlowych drog\u0105 telefoniczn\u0105. Wyra\u017cenie zgody jest dobrowolne i mo\u017ce by\u0107 odwo\u0142ane w ka\u017cdej chwili.<\/span><\/span><\/span><\/span><\/label>\n\t<\/p>\n<\/div>\n<p>[\/group]\n<\/p>\n<p><label> Fima<br \/>\n<span class=\"wpcf7-form-control-wrap\" data-name=\"text-firma\"><input size=\"40\" maxlength=\"400\" class=\"wpcf7-form-control wpcf7-text\" aria-invalid=\"false\" value=\"\" type=\"text\" name=\"text-firma\" \/><\/span> <\/label>\n<\/p>\n<p><label> NIP<br \/>\n<span class=\"wpcf7-form-control-wrap\" data-name=\"text-nip\"><input size=\"40\" maxlength=\"400\" class=\"wpcf7-form-control wpcf7-text\" aria-invalid=\"false\" value=\"\" type=\"text\" name=\"text-nip\" \/><\/span> <\/label>\n<\/p>\n<p><span class=\"wpcf7-form-control-wrap\" data-name=\"checkbox-zgodaEmail\"><span class=\"wpcf7-form-control wpcf7-checkbox wpcf7-validates-as-required\"><span class=\"wpcf7-list-item first last\"><label><input type=\"checkbox\" name=\"checkbox-zgodaEmail[]\" value=\"Zgadzam si\u0119 na kontakty przedstawicieli Teneg Sp. z o.o. na wskazany adres e-mail w celu przedstawienia oferty lub marketingu.\" \/><span class=\"wpcf7-list-item-label\">Zgadzam si\u0119 na kontakty przedstawicieli Teneg Sp. z o.o. na wskazany adres e-mail w celu przedstawienia oferty lub marketingu.<\/span><\/label><\/span><\/span><\/span>\n<\/p>\n<p><span class=\"wpcf7-form-control-wrap\" data-name=\"checkbox-zgodaTel\"><span class=\"wpcf7-form-control wpcf7-checkbox wpcf7-validates-as-required\"><span class=\"wpcf7-list-item first last\"><label><input type=\"checkbox\" name=\"checkbox-zgodaTel[]\" value=\"Zgadzam si\u0119 na kontakty przedstawicieli Teneg Sp. z o.o. na wskazany numer telefonu w celu przedstawienia oferty lub marketingu.\" \/><span class=\"wpcf7-list-item-label\">Zgadzam si\u0119 na kontakty przedstawicieli Teneg Sp. z o.o. na wskazany numer telefonu w celu przedstawienia oferty lub marketingu.<\/span><\/label><\/span><\/span><\/span>\n<\/p>\n<p><input class=\"wpcf7-form-control wpcf7-submit has-spinner\" type=\"submit\" value=\"Wy\u015blij\" \/>\n<\/p><input type=\"hidden\" id=\"gr_form_nonce\" name=\"gr_form_nonce\" value=\"8b33d3ece5\" \/><input type=\"hidden\" name=\"_wp_http_referer\" value=\"\/its\/wp-json\/wp\/v2\/posts\/4814\" \/><div class=\"fusion-alert alert custom alert-custom fusion-alert-center wpcf7-response-output awb-alert-native-link-color alert-dismissable awb-alert-close-boxed alert-shadow\" style=\"--awb-border-size:1px;--awb-border-top-left-radius:0px;--awb-border-top-right-radius:0px;--awb-border-bottom-left-radius:0px;--awb-border-bottom-right-radius:0px;\" role=\"alert\"><div class=\"fusion-alert-content-wrapper\"><span class=\"fusion-alert-content\"><\/span><\/div><button type=\"button\" class=\"close toggle-alert\" data-dismiss=\"alert\" aria-label=\"Close\">&times;<\/button><\/div>\n<\/form>\n<\/div>\n<div class=\"fusion-clearfix\"><\/div><\/div><\/div><\/div><\/div><div class=\"fusion-fullwidth fullwidth-box fusion-builder-row-3 nonhundred-percent-fullwidth non-hundred-percent-height-scrolling\" style=\"--awb-border-radius-top-left:0px;--awb-border-radius-top-right:0px;--awb-border-radius-bottom-right:0px;--awb-border-radius-bottom-left:0px;--awb-flex-wrap:wrap;\" ><div class=\"fusion-builder-row fusion-row\"><div class=\"fusion-layout-column fusion_builder_column fusion-builder-column-2 fusion_builder_column_1_1 1_1 fusion-one-full fusion-column-first fusion-column-last\" style=\"--awb-bg-size:cover;\"><div class=\"fusion-column-wrapper fusion-flex-column-wrapper-legacy\">\n<div class=\"table-1\">\n<h3>AGENDA<\/h3>\n<table width=\"100%\">\n<thead>\n<tr>\n<th style=\"background: #ffffff;\" align=\"left\" width=\"160px\"><b>09:30 &#8211; 9:45 <\/b><\/th>\n<th style=\"background: #ffffff;\" align=\"left\"><b>Powitanie i rozpocz\u0119cie konferencji<\/b><\/th>\n<\/tr>\n<\/thead>\n<tbody>\n<tr>\n<td align=\"left\"><\/td>\n<td align=\"left\"><\/td>\n<\/tr>\n<\/tbody>\n<thead>\n<tr>\n<th align=\"left\">9:45 &#8211; 10:15<\/th>\n<th align=\"left\">Digitalizacja \u2013 kluczowy trend rozwoju wsp\u00f3\u0142czesnej gospodarki<\/th>\n<\/tr>\n<tr>\n<th style=\"border-top: 1px solid #dcdcdc!important; padding: 10px 20px; color: #bababa;\" colspan=\"2\" align=\"left\">Tomasz Rutkowski, Comarch SA<\/th>\n<\/tr>\n<\/thead>\n<tbody>\n<tr>\n<td align=\"left\"><\/td>\n<td align=\"left\"><\/td>\n<\/tr>\n<\/tbody>\n<thead>\n<tr>\n<th align=\"left\">10:15 &#8211; 10:45<\/th>\n<th align=\"left\">Comarch DMS \u2013 narz\u0119dzie do digitalizacji obiegu dokument\u00f3w<\/th>\n<\/tr>\n<tr>\n<th style=\"border-top: 1px solid #dcdcdc!important; padding: 10px 20px; color: #bababa;\" colspan=\"2\" align=\"left\">Kamil Lisowski, Comarch SA<\/th>\n<\/tr>\n<\/thead>\n<tbody>\n<tr>\n<td align=\"left\"><\/td>\n<td align=\"left\"><\/td>\n<\/tr>\n<\/tbody>\n<thead>\n<tr>\n<th align=\"left\">10:45 &#8211; 11:15<\/th>\n<th align=\"left\">Jak wykorzysta\u0107 Comarch ERP XL do rozwoju przedsi\u0119biorstwa \u2013 do\u015bwiadczenia praktyka<\/th>\n<\/tr>\n<\/thead>\n<tbody>\n<tr>\n<td align=\"left\"><\/td>\n<td align=\"left\"><\/td>\n<\/tr>\n<\/tbody>\n<thead>\n<tr>\n<th style=\"background: #ffffff;\" align=\"left\"><b>11:15 &#8211; 11:45<\/b><\/th>\n<th style=\"background: #ffffff;\" align=\"left\"><b>Przerwa kawowa<\/b><\/th>\n<\/tr>\n<\/thead>\n<tbody>\n<tr>\n<td align=\"left\"><\/td>\n<td align=\"left\"><\/td>\n<\/tr>\n<\/tbody>\n<thead>\n<tr>\n<th align=\"left\">11:45 &#8211; 12:15<\/th>\n<th align=\"left\">Wielo\u017ar\u00f3d\u0142owe raportowanie z poziomu okien Comarch ERP XL za pomoc\u0105 Comarch BI Point<\/th>\n<\/tr>\n<tr>\n<th style=\"border-top: 1px solid #dcdcdc!important; padding: 10px 20px; color: #bababa;\" colspan=\"2\" align=\"left\">Paulina Ziarek, Comarch SA<\/th>\n<\/tr>\n<\/thead>\n<tbody>\n<tr>\n<td align=\"left\"><\/td>\n<td align=\"left\"><\/td>\n<\/tr>\n<\/tbody>\n<thead>\n<tr>\n<th align=\"left\">12:15 &#8211; 12:45<\/th>\n<th align=\"left\">Jak z sukcesem wdro\u017cy\u0107 Comarch WMS do automatyzacji proces\u00f3w magazynowych \u2013 case study<\/th>\n<\/tr>\n<\/thead>\n<tbody>\n<tr>\n<td align=\"left\"><\/td>\n<td align=\"left\"><\/td>\n<\/tr>\n<\/tbody>\n<thead>\n<tr>\n<th align=\"left\">12:45 &#8211; 13:15<\/th>\n<th align=\"left\">Comarch HRM i TNA, czyli digitalizacja w obszarze samoobs\u0142ugi pracowniczej<\/th>\n<\/tr>\n<tr>\n<th style=\"border-top: 1px solid #dcdcdc!important; padding: 10px 20px; color: #bababa;\" colspan=\"2\" align=\"left\">Urszula Koz\u0142owska, Comarch SA<\/th>\n<\/tr>\n<\/thead>\n<tbody>\n<tr>\n<td align=\"left\"><\/td>\n<td align=\"left\"><\/td>\n<\/tr>\n<\/tbody>\n<thead>\n<tr>\n<th style=\"background: #ffffff;\" align=\"left\"><b>13:15 &#8211; 13:30<\/b><\/th>\n<th style=\"background: #ffffff;\" align=\"left\"><b>Przerwa kawowa<\/b><\/th>\n<\/tr>\n<\/thead>\n<tbody>\n<tr>\n<td align=\"left\"><\/td>\n<td align=\"left\"><\/td>\n<\/tr>\n<\/tbody>\n<thead>\n<tr>\n<th align=\"left\">13:30 &#8211; 14:00<\/th>\n<th align=\"left\">Kluczowe nowo\u015bci w handlu i logistyce oraz strategia rozwoju Comarch ERP XL w erze digitalizacji<\/th>\n<\/tr>\n<tr>\n<th style=\"border-top: 1px solid #dcdcdc!important; padding: 10px 20px; color: #bababa;\" colspan=\"2\" align=\"left\">Jaros\u0142aw Olsza, Comarch SA<\/th>\n<\/tr>\n<\/thead>\n<tbody>\n<tr>\n<td align=\"left\"><\/td>\n<td align=\"left\"><\/td>\n<\/tr>\n<\/tbody>\n<thead>\n<tr>\n<th style=\"background: #ffffff;\" align=\"left\"><b>14:00 &#8211; 14:15<\/b><\/th>\n<th style=\"background: #ffffff;\" align=\"left\"><b>Podsumowanie i zaproszenie na panele r\u00f3wnoleg\u0142e<\/b><\/th>\n<\/tr>\n<\/thead>\n<tbody>\n<tr>\n<td align=\"left\"><\/td>\n<td align=\"left\"><\/td>\n<\/tr>\n<\/tbody>\n<thead>\n<tr>\n<th align=\"left\">14:15 &#8211; 14:45<\/th>\n<th align=\"left\">Rekomendacje MRP i pozosta\u0142e zmiany w obszarze produkcji i projekt\u00f3w<\/th>\n<\/tr>\n<tr>\n<th style=\"border-top: 1px solid #dcdcdc!important; padding: 10px 20px; color: #bababa;\" colspan=\"2\" align=\"left\">Wojciech Borkiewicz, Comarch SA<\/th>\n<\/tr>\n<\/thead>\n<tbody>\n<tr>\n<td align=\"left\"><\/td>\n<td align=\"left\"><\/td>\n<\/tr>\n<\/tbody>\n<thead>\n<tr>\n<th align=\"left\">14:15 &#8211; 14:45<\/th>\n<th align=\"left\">Comarch Retail POS i mPOS \u2013 nowoczesne rozwi\u0105zania do obs\u0142ugi sprzeda\u017cy detalicznej<\/th>\n<\/tr>\n<tr>\n<th style=\"border-top: 1px solid #dcdcdc!important; padding: 10px 20px; color: #bababa;\" colspan=\"2\" align=\"left\">Witold Podg\u00f3rski, Comarch SA<\/th>\n<\/tr>\n<\/thead>\n<tbody>\n<tr>\n<td align=\"left\"><\/td>\n<td align=\"left\"><\/td>\n<\/tr>\n<\/tbody>\n<thead>\n<tr>\n<th align=\"left\">14:45 &#8211; 15:15<\/th>\n<th align=\"left\">Zmiany w przepisach prawa i inne nowo\u015bci w obszarze finans\u00f3w i ksi\u0119gowo\u015bci<\/th>\n<\/tr>\n<tr>\n<th style=\"border-top: 1px solid #dcdcdc!important; padding: 10px 20px; color: #bababa;\" colspan=\"2\" align=\"left\">Pawe\u0142 Krupa, Comarch SA<\/th>\n<\/tr>\n<\/thead>\n<tbody>\n<tr>\n<td align=\"left\"><\/td>\n<td align=\"left\"><\/td>\n<\/tr>\n<\/tbody>\n<thead>\n<tr>\n<th align=\"left\">14:45 &#8211; 15:15<\/th>\n<th align=\"left\">Aplikacje mobilne jako element procesu digitalizacji firmy<\/th>\n<\/tr>\n<tr>\n<th style=\"border-top: 1px solid #dcdcdc!important; padding: 10px 20px; color: #bababa;\" colspan=\"2\" align=\"left\">Piotr Kurowski, Comarch SA<\/th>\n<\/tr>\n<\/thead>\n<tbody>\n<tr>\n<td align=\"left\"><\/td>\n<td align=\"left\"><\/td>\n<\/tr>\n<\/tbody>\n<thead>\n<tr>\n<th style=\"background: #ffffff;\" align=\"left\"><b>15:15 &#8211; 16:00 <\/b><\/th>\n<th style=\"background: #ffffff;\" align=\"left\"><b>Obiad<\/b><\/th>\n<\/tr>\n<\/thead>\n<\/table>\n<\/div>\n<div class=\"fusion-clearfix\"><\/div><\/div><\/div><\/div><\/div><\/p>\n","protected":false},"excerpt":{"rendered":"","protected":false},"author":1,"featured_media":4844,"comment_status":"closed","ping_status":"open","sticky":false,"template":"","format":"standard","meta":{"footnotes":""},"categories":[91,6],"tags":[15],"class_list":["post-4814","post","type-post","status-publish","format-standard","has-post-thumbnail","hentry","category-wdrozenia_systemow","category-wszystkie","tag-comarch"],"_links":{"self":[{"href":"https:\/\/teneg.pl\/its\/wp-json\/wp\/v2\/posts\/4814","targetHints":{"allow":["GET"]}}],"collection":[{"href":"https:\/\/teneg.pl\/its\/wp-json\/wp\/v2\/posts"}],"about":[{"href":"https:\/\/teneg.pl\/its\/wp-json\/wp\/v2\/types\/post"}],"author":[{"embeddable":true,"href":"https:\/\/teneg.pl\/its\/wp-json\/wp\/v2\/users\/1"}],"replies":[{"embeddable":true,"href":"https:\/\/teneg.pl\/its\/wp-json\/wp\/v2\/comments?post=4814"}],"version-history":[{"count":28,"href":"https:\/\/teneg.pl\/its\/wp-json\/wp\/v2\/posts\/4814\/revisions"}],"predecessor-version":[{"id":19128,"href":"https:\/\/teneg.pl\/its\/wp-json\/wp\/v2\/posts\/4814\/revisions\/19128"}],"wp:featuredmedia":[{"embeddable":true,"href":"https:\/\/teneg.pl\/its\/wp-json\/wp\/v2\/media\/4844"}],"wp:attachment":[{"href":"https:\/\/teneg.pl\/its\/wp-json\/wp\/v2\/media?parent=4814"}],"wp:term":[{"taxonomy":"category","embeddable":true,"href":"https:\/\/teneg.pl\/its\/wp-json\/wp\/v2\/categories?post=4814"},{"taxonomy":"post_tag","embeddable":true,"href":"https:\/\/teneg.pl\/its\/wp-json\/wp\/v2\/tags?post=4814"}],"curies":[{"name":"wp","href":"https:\/\/api.w.org\/{rel}","templated":true}]}}