{"id":4800,"date":"2018-08-30T16:38:17","date_gmt":"2018-08-30T14:38:17","guid":{"rendered":"https:\/\/teneg.pl\/its\/?p=4800"},"modified":"2025-01-16T12:48:16","modified_gmt":"2025-01-16T11:48:16","slug":"nowa-wersja-comarch-erp-optima-zobacz-co-sie-zmienilo","status":"publish","type":"post","link":"https:\/\/teneg.pl\/its\/nowa-wersja-comarch-erp-optima-zobacz-co-sie-zmienilo\/","title":{"rendered":"Nowa wersja Comarch ERP Optima \u2013 zobacz co si\u0119 zmieni\u0142o."},"content":{"rendered":"<div class=\"fusion-fullwidth fullwidth-box fusion-builder-row-1 fusion-flex-container nonhundred-percent-fullwidth non-hundred-percent-height-scrolling\" style=\"--awb-border-radius-top-left:0px;--awb-border-radius-top-right:0px;--awb-border-radius-bottom-right:0px;--awb-border-radius-bottom-left:0px;--awb-flex-wrap:wrap;\" ><div class=\"fusion-builder-row fusion-row fusion-flex-align-items-flex-start fusion-flex-content-wrap\" style=\"max-width:1144px;margin-left: calc(-4% \/ 2 );margin-right: calc(-4% \/ 2 );\"><div class=\"fusion-layout-column fusion_builder_column fusion-builder-column-0 fusion_builder_column_1_1 1_1 fusion-flex-column\" style=\"--awb-bg-size:cover;--awb-width-large:100%;--awb-margin-top-large:0px;--awb-spacing-right-large:1.92%;--awb-margin-bottom-large:0px;--awb-spacing-left-large:1.92%;--awb-width-medium:100%;--awb-spacing-right-medium:1.92%;--awb-spacing-left-medium:1.92%;--awb-width-small:100%;--awb-spacing-right-small:1.92%;--awb-spacing-left-small:1.92%;\"><div class=\"fusion-column-wrapper fusion-flex-justify-content-flex-start fusion-content-layout-column\"><div class=\"fusion-text fusion-text-1\"><p>Z rado\u015bci\u0105 informujemy, \u017ce nowe wersje Comarch ERP Optima s\u0105 ju\u017c dost\u0119pne.<\/p>\n<p>Najnowsza ods\u0142ona systemu \u00a0( wersja 2018.8.1 ) wprowadza synchronizacj\u0119 zg\u00f3d kontrahenta i zg\u00f3d transakcyjnych z Comarch e-Sklep oraz dostosowanie do zmian w przepisach. Nowo\u015bci wnosz\u0105ce znaczne usprawnienia to tak\u017ce wprowadzenie mechanizmu Split payment i dostosowanie do pozosta\u0142ych zmian w przepisach prawnych (wersja 2018.6.1). Zmiany dotycz\u0105 r\u00f3wnie\u017c jednego z flagowych produkt\u00f3w Comarch ERP e-Pracownik, s\u0142u\u017c\u0105cego do zarz\u0105dzania czasem i planem pracy, nieobecno\u015bciami, pomagaj\u0105cego w rekrutacji i ocenie pracownika. Od teraz udost\u0119pniony zosta\u0142 on pod now\u0105 nazw\u0105 \u2013 Comarch HRM (Human Resource Management).<\/p>\n<p><strong>Zmiany w wersji 2018.8.1<\/strong> <strong>Comarch ERP Optima zwi\u0105zane ze zmianami w\u00a0przepisach:<\/strong><\/p>\n<ul>\n<li>Dostosowanie importu e-Zwolnie\u0144 pracownik\u00f3w z ZUS PUE do zmiany formatu wprowadzonej przez ZUS od 14.08.2018.<\/li>\n<li>Umo\u017cliwienie okre\u015blenia danych geolokalizacyjnych \u015brodka transportu przewo\u017conych towar\u00f3w, stworzone w zwi\u0105zku z wej\u015bciem w \u017cycie od 1 pa\u017adziernika 2018 r. ustawy z dnia 15 czerwca 2018 r. o zmianie ustawy o systemie monitorowania drogowego i kolejowego przewozu towar\u00f3w (Dz. U. poz. 1539) SENT<\/li>\n<\/ul>\n<p><strong>\u00a0<\/strong><\/p>\n<p><strong>Nowo\u015bci Comarch ERP Optima 2018.8.1, kt\u00f3re zas\u0142uguj\u0105 na szczeg\u00f3ln\u0105 uwag\u0119: <\/strong><\/p>\n<ul>\n<li>Wprowadzenie synchronizacji zg\u00f3d kontrahenta z Comarch e-Sklep.<\/li>\n<li>Udost\u0119pnienie synchronizacji zg\u00f3d transakcyjnych, wyra\u017conych przy sk\u0142adaniu zam\u00f3wienia w Comarch e-Sklep.<\/li>\n<li>Wprowadzenie synchronizacji za\u0142\u0105cznik\u00f3w do zg\u00f3d z Comarch e-Sklep.<\/li>\n<\/ul>\n<p><strong>\u00a0<\/strong><\/p>\n<p><strong>Zmiany w wersji 2018.6.1<\/strong> <strong>Comarch ERP Optima zwi\u0105zane ze zmianami w\u00a0przepisach:<\/strong><\/p>\n<ul>\n<li>Mechanizm generowania podpis\u00f3w cyfrowych w programie zosta\u0142 dostosowany do wymog\u00f3w prawnych obowi\u0105zuj\u0105cych od 1 lipca 2018.<\/li>\n<li>Wprowadzony zosta\u0142 mechanizm Split payment, kt\u00f3ry pozwala na wys\u0142anie przelewu do banku ze wskazaniem kwoty VAT przekazywanej na wyodr\u0119bniony rachunek VAT dostawcy.<\/li>\n<li>Stworzono mo\u017cliwo\u015b\u0107 naliczenia deklaracji: VAT-7(18), VAT-7K(12), VAT-9M(8) na nowych formularzach obowi\u0105zuj\u0105cych za okres rozliczeniowy od lipca 2018 roku wraz z ich wydrukami, eksportem do systemu e-Deklaracje oraz eksportem do Comarch ERP Pulpit Menad\u017cera.<\/li>\n<li>Umo\u017cliwiono naliczenie uproszczonych zaliczek na podatek dochodowy od os\u00f3b fizycznych (PIT).<\/li>\n<li>Dzia\u0142anie programu dostosowane zosta\u0142o do zmian w systemie monitorowania drogowego przewozu towar\u00f3w wprowadzonych na podstawie ustawy z dnia 10 maja 2018 r.<\/li>\n<li>Dostosowano kontrol\u0119 rocznego limitu Zasi\u0142ku opieku\u0144czego do zmiany przepis\u00f3w (Dz.U. z 2018 r., poz. 1096) \u2013 wprowadzono dodatkowy limit 30 dni w roku na niepe\u0142nosprawne dziecko w wieku do 18 lat.<\/li>\n<li>Umo\u017cliwiono drukowanie na paragonie fiskalnym numeru NIP nabywcy.<\/li>\n<\/ul>\n<p>&nbsp;<\/p>\n<p><strong>Nowo\u015bci Comarch ERP Optima 2018.6.1, kt\u00f3re zas\u0142uguj\u0105 na szczeg\u00f3ln\u0105 uwag\u0119: <\/strong><\/p>\n<ul>\n<li>Umo\u017cliwienie szybkiego dodawanie kontrahent\u00f3w podczas wprowadzania dokument\u00f3w.<\/li>\n<li>Mo\u017cliwo\u015b\u0107 ksi\u0119gowania Faktur zakupu i sprzeda\u017cy, rejestr\u00f3w VAT zakupu i sprzeda\u017cy oraz ewidencji dodatkowej koszt\u00f3w i przychod\u00f3w wed\u0142ug opisu analitycznego.<\/li>\n<li>Funkcjonalno\u015b\u0107 dodawania predekretacji z listy dokument\u00f3w.<\/li>\n<li>Funkcja seryjnego dodawania koszt\u00f3w w Ewidencji samochod\u00f3w.<\/li>\n<li>Automatyczne podzielenie kwoty odlicze\u0144 z kategorii TAK\/NIE na pozycji dokumentu w rejestrze VAT w przypadku faktur zakupu przeniesionych z modu\u0142u Faktury oraz na kopiowanych dokumentach zakupu w rejestrze VAT.<\/li>\n<li>Wprowadzenie mechanizmu automatycznego naliczania si\u0119 ekwiwalentu za niewykorzystany urlop wypoczynkowy dla zwolnionego pracownika w ostatniej wyp\u0142acie etatowej.<\/li>\n<li>Mo\u017cliwo\u015b\u0107 kontroli limitu urlopu na proporcjonalnego i na \u017c\u0105danie, z uwzgl\u0119dnieniem wykorzystania urlopu u poprzednich pracodawc\u00f3w.<\/li>\n<li>Dodanie wydruk\u00f3w Eko \u2013 Faktura zaliczkowa korekta warto\u015bci, Eko \u2013 Faktura zaliczkowa korekta kursu: Wz\u00f3r standard, Duplikat<\/li>\n<\/ul>\n<p>Je\u015bli jeste\u015b zainteresowany aktualizacj\u0105 oprogramowania Comarch ERP Optima zach\u0119camy do <a href=\"\/its\/kontakt\/\"><strong>kontaktu z nami.<\/strong><\/a><\/p>\n<p>&nbsp;<\/p>\n<p>&nbsp;<\/p>\n<\/div><\/div><\/div><\/div><\/div>\n","protected":false},"excerpt":{"rendered":"","protected":false},"author":1,"featured_media":4803,"comment_status":"closed","ping_status":"open","sticky":false,"template":"","format":"standard","meta":{"footnotes":""},"categories":[91,6],"tags":[15],"class_list":["post-4800","post","type-post","status-publish","format-standard","has-post-thumbnail","hentry","category-wdrozenia_systemow","category-wszystkie","tag-comarch"],"_links":{"self":[{"href":"https:\/\/teneg.pl\/its\/wp-json\/wp\/v2\/posts\/4800","targetHints":{"allow":["GET"]}}],"collection":[{"href":"https:\/\/teneg.pl\/its\/wp-json\/wp\/v2\/posts"}],"about":[{"href":"https:\/\/teneg.pl\/its\/wp-json\/wp\/v2\/types\/post"}],"author":[{"embeddable":true,"href":"https:\/\/teneg.pl\/its\/wp-json\/wp\/v2\/users\/1"}],"replies":[{"embeddable":true,"href":"https:\/\/teneg.pl\/its\/wp-json\/wp\/v2\/comments?post=4800"}],"version-history":[{"count":3,"href":"https:\/\/teneg.pl\/its\/wp-json\/wp\/v2\/posts\/4800\/revisions"}],"predecessor-version":[{"id":19129,"href":"https:\/\/teneg.pl\/its\/wp-json\/wp\/v2\/posts\/4800\/revisions\/19129"}],"wp:featuredmedia":[{"embeddable":true,"href":"https:\/\/teneg.pl\/its\/wp-json\/wp\/v2\/media\/4803"}],"wp:attachment":[{"href":"https:\/\/teneg.pl\/its\/wp-json\/wp\/v2\/media?parent=4800"}],"wp:term":[{"taxonomy":"category","embeddable":true,"href":"https:\/\/teneg.pl\/its\/wp-json\/wp\/v2\/categories?post=4800"},{"taxonomy":"post_tag","embeddable":true,"href":"https:\/\/teneg.pl\/its\/wp-json\/wp\/v2\/tags?post=4800"}],"curies":[{"name":"wp","href":"https:\/\/api.w.org\/{rel}","templated":true}]}}