{"id":4657,"date":"2018-05-29T15:48:48","date_gmt":"2018-05-29T13:48:48","guid":{"rendered":"https:\/\/teneg.pl\/its\/?p=4657"},"modified":"2025-01-16T12:48:18","modified_gmt":"2025-01-16T11:48:18","slug":"comarch-retail","status":"publish","type":"post","link":"https:\/\/teneg.pl\/its\/comarch-retail\/","title":{"rendered":"Konferencja Comarch Retail 2018 ju\u017c za tydzie\u0144!"},"content":{"rendered":"<div class=\"fusion-fullwidth fullwidth-box fusion-builder-row-1 fusion-flex-container nonhundred-percent-fullwidth non-hundred-percent-height-scrolling\" style=\"--awb-border-radius-top-left:0px;--awb-border-radius-top-right:0px;--awb-border-radius-bottom-right:0px;--awb-border-radius-bottom-left:0px;--awb-flex-wrap:wrap;\" ><div class=\"fusion-builder-row fusion-row fusion-flex-align-items-flex-start fusion-flex-content-wrap\" style=\"max-width:1144px;margin-left: calc(-4% \/ 2 );margin-right: calc(-4% \/ 2 );\"><div class=\"fusion-layout-column fusion_builder_column fusion-builder-column-0 fusion_builder_column_1_1 1_1 fusion-flex-column\" style=\"--awb-bg-size:cover;--awb-width-large:100%;--awb-margin-top-large:0px;--awb-spacing-right-large:1.92%;--awb-margin-bottom-large:0px;--awb-spacing-left-large:1.92%;--awb-width-medium:100%;--awb-spacing-right-medium:1.92%;--awb-spacing-left-medium:1.92%;--awb-width-small:100%;--awb-spacing-right-small:1.92%;--awb-spacing-left-small:1.92%;\"><div class=\"fusion-column-wrapper fusion-flex-justify-content-flex-start fusion-content-layout-column\"><div class=\"fusion-text fusion-text-1\"><p>Zbli\u017ca si\u0119 coroczna, organizowana przez Comarch konferencja, na kt\u00f3r\u0105 serdecznie zapraszamy przede wszystkim przedstawicieli firm z bran\u017cy retail i e-commerce. Wydarzenie ma miejsce 5 czerwca w Z\u0142otych Tarasach, w Warszawie. Podczas spotkania omawiany b\u0119dzie temat skutecznego zarz\u0105dzania sprzeda\u017c\u0105 w sieciach sklep\u00f3w. W trakcie networkingu specjali\u015bci odpowiedz\u0105 na wszelkie pytania, a Dyrektor ds. Sprzeda\u017cy Detalicznej i Rozwoju Sieci Obag Store &#8211; Artur P\u0119kacki, opowie m.in. o nowoczesnym sklepie Comarch Retail POS.<\/p>\n<p>Zach\u0119camy do zapoznanie si\u0119 z agend\u0105 spotkania i rejestracji <a href=\"https:\/\/retail2018.comarch.pl\/\" target=\"_blank\" rel=\"nofollow noopener\">TU<\/a>.<\/p>\n<p>Sprawd\u017a ofert\u0119 <a href=\"https:\/\/teneg.pl\/its\/partner-comarch-warszawa\/\">wdro\u017cenia systemu Comarch ERP<\/a>.<\/p>\n<\/div><\/div><\/div><\/div><\/div>\n","protected":false},"excerpt":{"rendered":"","protected":false},"author":1,"featured_media":4659,"comment_status":"closed","ping_status":"open","sticky":false,"template":"","format":"standard","meta":{"footnotes":""},"categories":[91,6],"tags":[15],"class_list":["post-4657","post","type-post","status-publish","format-standard","has-post-thumbnail","hentry","category-wdrozenia_systemow","category-wszystkie","tag-comarch"],"_links":{"self":[{"href":"https:\/\/teneg.pl\/its\/wp-json\/wp\/v2\/posts\/4657","targetHints":{"allow":["GET"]}}],"collection":[{"href":"https:\/\/teneg.pl\/its\/wp-json\/wp\/v2\/posts"}],"about":[{"href":"https:\/\/teneg.pl\/its\/wp-json\/wp\/v2\/types\/post"}],"author":[{"embeddable":true,"href":"https:\/\/teneg.pl\/its\/wp-json\/wp\/v2\/users\/1"}],"replies":[{"embeddable":true,"href":"https:\/\/teneg.pl\/its\/wp-json\/wp\/v2\/comments?post=4657"}],"version-history":[{"count":6,"href":"https:\/\/teneg.pl\/its\/wp-json\/wp\/v2\/posts\/4657\/revisions"}],"predecessor-version":[{"id":19140,"href":"https:\/\/teneg.pl\/its\/wp-json\/wp\/v2\/posts\/4657\/revisions\/19140"}],"wp:featuredmedia":[{"embeddable":true,"href":"https:\/\/teneg.pl\/its\/wp-json\/wp\/v2\/media\/4659"}],"wp:attachment":[{"href":"https:\/\/teneg.pl\/its\/wp-json\/wp\/v2\/media?parent=4657"}],"wp:term":[{"taxonomy":"category","embeddable":true,"href":"https:\/\/teneg.pl\/its\/wp-json\/wp\/v2\/categories?post=4657"},{"taxonomy":"post_tag","embeddable":true,"href":"https:\/\/teneg.pl\/its\/wp-json\/wp\/v2\/tags?post=4657"}],"curies":[{"name":"wp","href":"https:\/\/api.w.org\/{rel}","templated":true}]}}