{"id":4652,"date":"2018-05-09T14:56:45","date_gmt":"2018-05-09T12:56:45","guid":{"rendered":"https:\/\/teneg.pl\/its\/?p=4652"},"modified":"2025-01-16T12:48:19","modified_gmt":"2025-01-16T11:48:19","slug":"konferencja-comarch-produkcja-w-dobrych-rekach","status":"publish","type":"post","link":"https:\/\/teneg.pl\/its\/konferencja-comarch-produkcja-w-dobrych-rekach\/","title":{"rendered":"Konferencja Comarch \u201eProdukcja w dobrych r\u0119kach\u201d"},"content":{"rendered":"<div class=\"fusion-fullwidth fullwidth-box fusion-builder-row-1 fusion-flex-container nonhundred-percent-fullwidth non-hundred-percent-height-scrolling\" style=\"--awb-border-radius-top-left:0px;--awb-border-radius-top-right:0px;--awb-border-radius-bottom-right:0px;--awb-border-radius-bottom-left:0px;--awb-flex-wrap:wrap;\" ><div class=\"fusion-builder-row fusion-row fusion-flex-align-items-flex-start fusion-flex-content-wrap\" style=\"max-width:1144px;margin-left: calc(-4% \/ 2 );margin-right: calc(-4% \/ 2 );\"><div class=\"fusion-layout-column fusion_builder_column fusion-builder-column-0 fusion_builder_column_1_1 1_1 fusion-flex-column\" style=\"--awb-bg-size:cover;--awb-width-large:100%;--awb-margin-top-large:0px;--awb-spacing-right-large:1.92%;--awb-margin-bottom-large:0px;--awb-spacing-left-large:1.92%;--awb-width-medium:100%;--awb-spacing-right-medium:1.92%;--awb-spacing-left-medium:1.92%;--awb-width-small:100%;--awb-spacing-right-small:1.92%;--awb-spacing-left-small:1.92%;\"><div class=\"fusion-column-wrapper fusion-flex-justify-content-flex-start fusion-content-layout-column\"><div class=\"fusion-text fusion-text-1\"><p>Zapraszamy na konferencje Comarch \u201eProdukcja w dobrych r\u0119kach\u201d<br \/>\n22 \u2013 25 maja 2018<\/p>\n<p>Serdecznie zapraszamy Pa\u0144stwa do udzia\u0142u w trzeciej edycji konferencji \u201eProdukcja w dobrych r\u0119kach\u201d. Spotkania odb\u0119d\u0105 si\u0119 w 4 miastach: Katowicach, Poznaniu, Gda\u0144sku i Warszawie. Gor\u0105co zach\u0119camy do udzia\u0142y, przede wszystkim osoby zarz\u0105dzaj\u0105ce oraz w\u0142a\u015bcicieli firm produkcyjnych, zainteresowanych usprawnieniem proces\u00f3w w przedsi\u0119biorstwie.<br \/>\nPraktyczny wymiar spotkania oraz mo\u017cliwo\u015b\u0107 bezpo\u015bredniego kontaktu z ekspertami i praktykami z bran\u017cy zosta\u0142a doceniona przez uczestnik\u00f3w ubieg\u0142orocznych edycji.<br \/>\nWi\u0119cej szczeg\u00f3\u0142\u00f3w oraz agenda spotkania, a tak\u017ce formularz zapisu dost\u0119pne s\u0105 <a href=\"https:\/\/produkcja2018.comarch.pl\/\" target=\"_blank\" rel=\"noopener\">TU<\/a>.<\/p>\n<p>Sprawd\u017a ofert\u0119 <a href=\"https:\/\/teneg.pl\/its\/partner-comarch-warszawa\/\">wdro\u017cenia systemu Comarch ERP<\/a>.<\/p>\n<\/div><\/div><\/div><\/div><\/div>\n","protected":false},"excerpt":{"rendered":"","protected":false},"author":1,"featured_media":4653,"comment_status":"closed","ping_status":"open","sticky":false,"template":"","format":"standard","meta":{"footnotes":""},"categories":[91,6],"tags":[15],"class_list":["post-4652","post","type-post","status-publish","format-standard","has-post-thumbnail","hentry","category-wdrozenia_systemow","category-wszystkie","tag-comarch"],"_links":{"self":[{"href":"https:\/\/teneg.pl\/its\/wp-json\/wp\/v2\/posts\/4652","targetHints":{"allow":["GET"]}}],"collection":[{"href":"https:\/\/teneg.pl\/its\/wp-json\/wp\/v2\/posts"}],"about":[{"href":"https:\/\/teneg.pl\/its\/wp-json\/wp\/v2\/types\/post"}],"author":[{"embeddable":true,"href":"https:\/\/teneg.pl\/its\/wp-json\/wp\/v2\/users\/1"}],"replies":[{"embeddable":true,"href":"https:\/\/teneg.pl\/its\/wp-json\/wp\/v2\/comments?post=4652"}],"version-history":[{"count":5,"href":"https:\/\/teneg.pl\/its\/wp-json\/wp\/v2\/posts\/4652\/revisions"}],"predecessor-version":[{"id":19141,"href":"https:\/\/teneg.pl\/its\/wp-json\/wp\/v2\/posts\/4652\/revisions\/19141"}],"wp:featuredmedia":[{"embeddable":true,"href":"https:\/\/teneg.pl\/its\/wp-json\/wp\/v2\/media\/4653"}],"wp:attachment":[{"href":"https:\/\/teneg.pl\/its\/wp-json\/wp\/v2\/media?parent=4652"}],"wp:term":[{"taxonomy":"category","embeddable":true,"href":"https:\/\/teneg.pl\/its\/wp-json\/wp\/v2\/categories?post=4652"},{"taxonomy":"post_tag","embeddable":true,"href":"https:\/\/teneg.pl\/its\/wp-json\/wp\/v2\/tags?post=4652"}],"curies":[{"name":"wp","href":"https:\/\/api.w.org\/{rel}","templated":true}]}}