{"id":3772,"date":"2017-10-17T13:25:51","date_gmt":"2017-10-17T11:25:51","guid":{"rendered":"https:\/\/teneg.pl\/its\/?p=3772"},"modified":"2025-01-16T12:48:24","modified_gmt":"2025-01-16T11:48:24","slug":"bolidy-inter-europol-competition-na-verva-street-racing","status":"publish","type":"post","link":"https:\/\/teneg.pl\/its\/bolidy-inter-europol-competition-na-verva-street-racing\/","title":{"rendered":"Bolidy Inter Europol Competition na Verva Street Racing"},"content":{"rendered":"<div class=\"fusion-fullwidth fullwidth-box fusion-builder-row-1 fusion-flex-container nonhundred-percent-fullwidth non-hundred-percent-height-scrolling\" style=\"--awb-border-radius-top-left:0px;--awb-border-radius-top-right:0px;--awb-border-radius-bottom-right:0px;--awb-border-radius-bottom-left:0px;--awb-flex-wrap:wrap;\" ><div class=\"fusion-builder-row fusion-row fusion-flex-align-items-flex-start fusion-flex-content-wrap\" style=\"max-width:1144px;margin-left: calc(-4% \/ 2 );margin-right: calc(-4% \/ 2 );\"><div class=\"fusion-layout-column fusion_builder_column fusion-builder-column-0 fusion_builder_column_1_1 1_1 fusion-flex-column\" style=\"--awb-bg-size:cover;--awb-width-large:100%;--awb-margin-top-large:0px;--awb-spacing-right-large:1.92%;--awb-margin-bottom-large:0px;--awb-spacing-left-large:1.92%;--awb-width-medium:100%;--awb-spacing-right-medium:1.92%;--awb-spacing-left-medium:1.92%;--awb-width-small:100%;--awb-spacing-right-small:1.92%;--awb-spacing-left-small:1.92%;\"><div class=\"fusion-column-wrapper fusion-flex-justify-content-flex-start fusion-content-layout-column\"><div class=\"fusion-text fusion-text-1\"><p>Nareszcie mo\u017cna by\u0142o zobaczy\u0107 na \u017cywo oraz dotkn\u0105\u0107 bolid\u00f3w<strong> Inter Europol Competition<\/strong>!<\/p>\n<p>W ubieg\u0142\u0105 Sobot\u0119 w P\u0142ocku byli\u015bmy na corocznej imprezie organizowanej przez Orlen.<br \/>\nMo\u017cna by\u0142o porozmawia\u0107 z kierowcami i zespo\u0142em, kt\u00f3rzy dzielili si\u0119 swoim do\u015bwiadczeniem, opowiadali o samochodach i wy\u015bcigach. Na stadionie odby\u0142y si\u0119 pokazowe zawody, w kt\u00f3rych nasze bolidy zdecydowanie wygrywa\u0142y.<\/p>\n<\/div><\/div><\/div><\/div><\/div>\n","protected":false},"excerpt":{"rendered":"","protected":false},"author":1,"featured_media":3773,"comment_status":"closed","ping_status":"open","sticky":false,"template":"","format":"gallery","meta":{"footnotes":""},"categories":[90,6],"tags":[114],"class_list":["post-3772","post","type-post","status-publish","format-gallery","has-post-thumbnail","hentry","category-inne","category-wszystkie","tag-inter-europol-competition","post_format-post-format-gallery"],"_links":{"self":[{"href":"https:\/\/teneg.pl\/its\/wp-json\/wp\/v2\/posts\/3772","targetHints":{"allow":["GET"]}}],"collection":[{"href":"https:\/\/teneg.pl\/its\/wp-json\/wp\/v2\/posts"}],"about":[{"href":"https:\/\/teneg.pl\/its\/wp-json\/wp\/v2\/types\/post"}],"author":[{"embeddable":true,"href":"https:\/\/teneg.pl\/its\/wp-json\/wp\/v2\/users\/1"}],"replies":[{"embeddable":true,"href":"https:\/\/teneg.pl\/its\/wp-json\/wp\/v2\/comments?post=3772"}],"version-history":[{"count":6,"href":"https:\/\/teneg.pl\/its\/wp-json\/wp\/v2\/posts\/3772\/revisions"}],"predecessor-version":[{"id":19143,"href":"https:\/\/teneg.pl\/its\/wp-json\/wp\/v2\/posts\/3772\/revisions\/19143"}],"wp:featuredmedia":[{"embeddable":true,"href":"https:\/\/teneg.pl\/its\/wp-json\/wp\/v2\/media\/3773"}],"wp:attachment":[{"href":"https:\/\/teneg.pl\/its\/wp-json\/wp\/v2\/media?parent=3772"}],"wp:term":[{"taxonomy":"category","embeddable":true,"href":"https:\/\/teneg.pl\/its\/wp-json\/wp\/v2\/categories?post=3772"},{"taxonomy":"post_tag","embeddable":true,"href":"https:\/\/teneg.pl\/its\/wp-json\/wp\/v2\/tags?post=3772"}],"curies":[{"name":"wp","href":"https:\/\/api.w.org\/{rel}","templated":true}]}}