{"id":3266,"date":"2017-09-14T13:13:42","date_gmt":"2017-09-14T11:13:42","guid":{"rendered":"https:\/\/teneg.pl\/serwis\/?p=3266"},"modified":"2025-01-16T12:48:26","modified_gmt":"2025-01-16T11:48:26","slug":"fiskalizacja-online-co-dalej","status":"publish","type":"post","link":"https:\/\/teneg.pl\/its\/fiskalizacja-online-co-dalej\/","title":{"rendered":"Fiskalizacja online, co dalej?"},"content":{"rendered":"<div class=\"fusion-fullwidth fullwidth-box fusion-builder-row-1 nonhundred-percent-fullwidth non-hundred-percent-height-scrolling\" style=\"--awb-border-radius-top-left:0px;--awb-border-radius-top-right:0px;--awb-border-radius-bottom-right:0px;--awb-border-radius-bottom-left:0px;--awb-flex-wrap:wrap;\" ><div class=\"fusion-builder-row fusion-row\"><div class=\"fusion-layout-column fusion_builder_column fusion-builder-column-0 fusion_builder_column_1_1 1_1 fusion-one-full fusion-column-first fusion-column-last\" style=\"--awb-bg-size:cover;--awb-margin-bottom:0px;\"><div class=\"fusion-column-wrapper fusion-flex-column-wrapper-legacy\"><div class=\"fusion-text fusion-text-1\"><p><strong>Ju\u017c w przysz\u0142ym roku w Polsce maj\u0105 zacz\u0105\u0107 dzia\u0142a\u0107 kasy fiskalne online, jednak ich wdro\u017cenie potrwa wiele lat, skomentowa\u0142 prof. Witold Modzelewski.<\/strong><\/p>\n<p>Obecnie z kas fiskalnych korzysta 1,2 mln podatnik\u00f3w, dlatego przej\u015bcie z tradycyjnych urz\u0105dze\u0144 (z pami\u0119ci\u0105 fiskaln\u0105) na kasy online b\u0119dzie <strong>d\u0142ugoletnim procesem<\/strong>. Ich g\u0142\u00f3wnym celem jest wprowadzenie istnych zmian w <strong>ewidencjonowaniu obrot\u00f3w detalicznych<\/strong>. Wiceminister finans\u00f3w, Pawe\u0142 Cybulski zapowiedzia\u0142, \u017ce w II-III kwartale 2018 r. powstanie <strong>centralna baza danych<\/strong> o sprzeda\u017cy detalicznej, przygotowana przez Ministerstwo Finans\u00f3w. P\u00f3ki co nieokre\u015blony pozostaje zakres i grupa podatnik\u00f3w, kt\u00f3r\u0105 baza obejmie w pierwszej kolejno\u015bci.<\/p>\n<p><strong>Lepsza kontrola opodatkowania sprzeda\u017cy<\/strong><br \/>\nJak zaznaczy\u0142 prof. Modzelewski z Uniwersytetu Warszawskiego, dzi\u0119ki rozszerzaniu kas online dane, kt\u00f3rymi b\u0119d\u0105 dysponowa\u0107 w\u0142adze skarbowe, umo\u017cliwi\u0105 ulepszon\u0105 kontrol\u0119 opodatkowania sprzeda\u017cy detalicznej, cho\u0107by poprzez por\u00f3wnanie fakturowanych zakup\u00f3w i ewidencjonowanie sprzeda\u017cy.<\/p>\n<p><strong>Centralna baza faktur online<\/strong><br \/>\nMimo \u017ce resort skupiony jest obecnie na pozyskiwaniu danych o transakcjach z Jednolitego Pliku Kontrolnego (JPK), planuje prace nad centraln\u0105 baz\u0105 faktur online maj\u0105ca by\u0107 narz\u0119dziem s\u0142u\u017c\u0105cym uszczelnieniu VAT-u.<\/p>\n<p>Wed\u0142ug zapowiedzi wiceministra Cybulskiego, Ministerstwo Finans\u00f3w przygotowuje wiele pakiet\u00f3w zmian prawnych oraz organizacyjnych. Po pakietach, paliwowym i przewozowym, kolejnym celem jest debiurokratyzacja administracji skarbowej. Planowane jest r\u00f3wnie\u017c uruchomienie platformy s\u0142u\u017c\u0105cej do komunikacji z podatnikami.<\/p>\n<\/div><div class=\"fusion-clearfix\"><\/div><\/div><\/div><\/div><\/div>\n","protected":false},"excerpt":{"rendered":"","protected":false},"author":17,"featured_media":12553,"comment_status":"closed","ping_status":"open","sticky":false,"template":"","format":"standard","meta":{"footnotes":""},"categories":[89,6],"tags":[117],"class_list":["post-3266","post","type-post","status-publish","format-standard","has-post-thumbnail","hentry","category-infrastruktura_it","category-wszystkie","tag-urzadzenia-fiskalne"],"_links":{"self":[{"href":"https:\/\/teneg.pl\/its\/wp-json\/wp\/v2\/posts\/3266","targetHints":{"allow":["GET"]}}],"collection":[{"href":"https:\/\/teneg.pl\/its\/wp-json\/wp\/v2\/posts"}],"about":[{"href":"https:\/\/teneg.pl\/its\/wp-json\/wp\/v2\/types\/post"}],"author":[{"embeddable":true,"href":"https:\/\/teneg.pl\/its\/wp-json\/wp\/v2\/users\/17"}],"replies":[{"embeddable":true,"href":"https:\/\/teneg.pl\/its\/wp-json\/wp\/v2\/comments?post=3266"}],"version-history":[{"count":2,"href":"https:\/\/teneg.pl\/its\/wp-json\/wp\/v2\/posts\/3266\/revisions"}],"predecessor-version":[{"id":12565,"href":"https:\/\/teneg.pl\/its\/wp-json\/wp\/v2\/posts\/3266\/revisions\/12565"}],"wp:featuredmedia":[{"embeddable":true,"href":"https:\/\/teneg.pl\/its\/wp-json\/wp\/v2\/media\/12553"}],"wp:attachment":[{"href":"https:\/\/teneg.pl\/its\/wp-json\/wp\/v2\/media?parent=3266"}],"wp:term":[{"taxonomy":"category","embeddable":true,"href":"https:\/\/teneg.pl\/its\/wp-json\/wp\/v2\/categories?post=3266"},{"taxonomy":"post_tag","embeddable":true,"href":"https:\/\/teneg.pl\/its\/wp-json\/wp\/v2\/tags?post=3266"}],"curies":[{"name":"wp","href":"https:\/\/api.w.org\/{rel}","templated":true}]}}