{"id":1880,"date":"2016-10-11T22:53:06","date_gmt":"2016-10-11T20:53:06","guid":{"rendered":"https:\/\/teneg.pl\/serwis\/?p=1880"},"modified":"2025-01-16T12:54:42","modified_gmt":"2025-01-16T11:54:42","slug":"konferencja-comarch-partnerstwo-2016-wybierz-przyszlosc","status":"publish","type":"post","link":"https:\/\/teneg.pl\/its\/konferencja-comarch-partnerstwo-2016-wybierz-przyszlosc\/","title":{"rendered":"Konferencja Comarch \u201ePartnerstwo 2016. Wybierz przysz\u0142o\u015b\u0107\u201d"},"content":{"rendered":"<div class=\"fusion-fullwidth fullwidth-box fusion-builder-row-1 fusion-flex-container nonhundred-percent-fullwidth non-hundred-percent-height-scrolling\" style=\"--awb-border-radius-top-left:0px;--awb-border-radius-top-right:0px;--awb-border-radius-bottom-right:0px;--awb-border-radius-bottom-left:0px;--awb-flex-wrap:wrap;\" ><div class=\"fusion-builder-row fusion-row fusion-flex-align-items-flex-start fusion-flex-content-wrap\" style=\"max-width:1144px;margin-left: calc(-4% \/ 2 );margin-right: calc(-4% \/ 2 );\"><div class=\"fusion-layout-column fusion_builder_column fusion-builder-column-0 fusion_builder_column_1_1 1_1 fusion-flex-column\" style=\"--awb-bg-size:cover;--awb-width-large:100%;--awb-margin-top-large:0px;--awb-spacing-right-large:1.92%;--awb-margin-bottom-large:0px;--awb-spacing-left-large:1.92%;--awb-width-medium:100%;--awb-spacing-right-medium:1.92%;--awb-spacing-left-medium:1.92%;--awb-width-small:100%;--awb-spacing-right-small:1.92%;--awb-spacing-left-small:1.92%;\"><div class=\"fusion-column-wrapper fusion-flex-justify-content-flex-start fusion-content-layout-column\"><div class=\"fusion-text fusion-text-1\"><p>W dniach 6-8 pa\u017adziernika odby\u0142a si\u0119 w Serocku konferencja\u00a0 Comarch pod nazw\u0105 \u201ePartnerstwo 2016. Wybierz przysz\u0142o\u015b\u0107\u201d w kt\u00f3rej uczestniczyli\u015bmy.<\/p>\n<p>Konferencja Partnerstwo to najwi\u0119ksze spotkanie Comarch z\u00a0Partnerami w celu budowania relacji, dzielenia si\u0119 wiedz\u0105 i pomys\u0142ami, poszerzania sieci kontakt\u00f3w i wymiany informacji o najnowszych trendach ERP.<!--more--><\/p>\n<p>W programie sesji plenarnej\u00a0 znalaz\u0142y si\u0119 takie zagadnienia jak:<\/p>\n<ul>\n<li>Rozw\u00f3j biznesu MSP<\/li>\n<li>Comarch ERP Optima \/ XT oraz rozwi\u0105zania eCommerce &#8211; nowo\u015bci funkcjonalne i plany produkcyjne na przysz\u0142o\u015b\u0107<\/li>\n<li>Comarch ERP XL &#8211; nowe funkcje, perspektywy rozwojowe<\/li>\n<li>Rozw\u00f3j system\u00f3w BI dla ERP<\/li>\n<li>Nowo\u015bci i plany w Comarch ERP Altum, Retail, WMS i Mobile<\/li>\n<li>Strategia Comarch ERP w erze digitalizacj<\/li>\n<\/ul>\n<p>A sesje tematyczne obj\u0119\u0142y m.in. takie w\u0105tki jak:<\/p>\n<ul>\n<li>Ewolucja Comarch e-Sklep<\/li>\n<li>Nowoczesna sie\u0107 handlowa z Comarch Retail<\/li>\n<li>Bilans i rozliczenia podatkowe nie wystarcz\u0105 &#8211; jak zwi\u0119kszy\u0107 przewag\u0119 konkurencyjn\u0105 biura rachunkowego?<\/li>\n<li>Wykorzystanie narz\u0119dzi do planowania produkcji i kalkulacji koszt\u00f3w<\/li>\n<li>e-Marketing Partnera<\/li>\n<li>Obieg Dokument\u00f3w Comarch ERP XL &#8211; systematyzacja przep\u0142ywu danych w firmie<\/li>\n<li>Funkcjonowanie Jednolitego Pliku Kontrolnego w poszczeg\u00f3lnych systemach Comarch ERP<\/li>\n<li>Dotacje na innowacje i nowe technologie w perspektywie 2014-2020<\/li>\n<\/ul>\n<p>Go\u015bciem specjalnym, kt\u00f3ry\u00a0 wyst\u0105pi\u0142 z inspiruj\u0105c\u0105 prezentacj\u0105 opisuj\u0105c\u0105 jego, przenikaj\u0105ce si\u0119, do\u015bwiadczenia sportowe i pozasportowe by\u0142 pi\u0119ciokrotny olimpijczyk \u2013 z\u0142oty i br\u0105zowy medalista oraz wielokrotny medalista Mistrzostw \u015awiata i Europy \u2013 Mateusz Kusznierewicz.<\/p>\n<p><strong>Ch\u0119tnie podzielimy si\u0119 z naszymi klientami otrzyman\u0105 wiedz\u0105 i informacjami \u2013 prosimy o kontakt z nami w tej sprawie.<\/strong><\/p>\n<p>Sprawd\u017a ofert\u0119 <a href=\"https:\/\/teneg.pl\/its\/partner-comarch-warszawa\/\">wdro\u017cenia systemu Comarch ERP<\/a>.<\/p>\n<\/div><\/div><\/div><\/div><\/div>\n","protected":false},"excerpt":{"rendered":"<p>W dniach 6-8 pa\u017adziernika odby\u0142a si\u0119 w Serocku konferencja\u00a0 Comarch pod nazw\u0105 \u201ePartnerstwo 2016. Wybierz przysz\u0142o\u015b\u0107\u201d w kt\u00f3rej uczestniczyli\u015bmy. Konferencja Partnerstwo to najwi\u0119ksze spotkanie Comarch z\u00a0Partnerami w celu budowania relacji, dzielenia si\u0119 wiedz\u0105 i pomys\u0142ami, poszerzania [&hellip;]<\/p>\n","protected":false},"author":2,"featured_media":2000,"comment_status":"closed","ping_status":"open","sticky":false,"template":"","format":"standard","meta":{"footnotes":""},"categories":[91,6],"tags":[15],"class_list":["post-1880","post","type-post","status-publish","format-standard","has-post-thumbnail","hentry","category-wdrozenia_systemow","category-wszystkie","tag-comarch"],"_links":{"self":[{"href":"https:\/\/teneg.pl\/its\/wp-json\/wp\/v2\/posts\/1880","targetHints":{"allow":["GET"]}}],"collection":[{"href":"https:\/\/teneg.pl\/its\/wp-json\/wp\/v2\/posts"}],"about":[{"href":"https:\/\/teneg.pl\/its\/wp-json\/wp\/v2\/types\/post"}],"author":[{"embeddable":true,"href":"https:\/\/teneg.pl\/its\/wp-json\/wp\/v2\/users\/2"}],"replies":[{"embeddable":true,"href":"https:\/\/teneg.pl\/its\/wp-json\/wp\/v2\/comments?post=1880"}],"version-history":[{"count":2,"href":"https:\/\/teneg.pl\/its\/wp-json\/wp\/v2\/posts\/1880\/revisions"}],"predecessor-version":[{"id":19147,"href":"https:\/\/teneg.pl\/its\/wp-json\/wp\/v2\/posts\/1880\/revisions\/19147"}],"wp:featuredmedia":[{"embeddable":true,"href":"https:\/\/teneg.pl\/its\/wp-json\/wp\/v2\/media\/2000"}],"wp:attachment":[{"href":"https:\/\/teneg.pl\/its\/wp-json\/wp\/v2\/media?parent=1880"}],"wp:term":[{"taxonomy":"category","embeddable":true,"href":"https:\/\/teneg.pl\/its\/wp-json\/wp\/v2\/categories?post=1880"},{"taxonomy":"post_tag","embeddable":true,"href":"https:\/\/teneg.pl\/its\/wp-json\/wp\/v2\/tags?post=1880"}],"curies":[{"name":"wp","href":"https:\/\/api.w.org\/{rel}","templated":true}]}}