{"id":165,"date":"2016-05-18T15:41:07","date_gmt":"2016-05-18T13:41:07","guid":{"rendered":"https:\/\/teneg.pl\/serwis\/aktualnosci\/?p=122"},"modified":"2025-01-16T13:22:31","modified_gmt":"2025-01-16T12:22:31","slug":"konferencja-comarch-erp-optima","status":"publish","type":"post","link":"https:\/\/teneg.pl\/its\/konferencja-comarch-erp-optima\/","title":{"rendered":"Konferencja Comarch ERP Optima"},"content":{"rendered":"<div class=\"fusion-fullwidth fullwidth-box fusion-builder-row-1 fusion-flex-container nonhundred-percent-fullwidth non-hundred-percent-height-scrolling\" style=\"--awb-border-radius-top-left:0px;--awb-border-radius-top-right:0px;--awb-border-radius-bottom-right:0px;--awb-border-radius-bottom-left:0px;--awb-flex-wrap:wrap;\" ><div class=\"fusion-builder-row fusion-row fusion-flex-align-items-flex-start fusion-flex-content-wrap\" style=\"max-width:1144px;margin-left: calc(-4% \/ 2 );margin-right: calc(-4% \/ 2 );\"><div class=\"fusion-layout-column fusion_builder_column fusion-builder-column-0 fusion_builder_column_1_1 1_1 fusion-flex-column\" style=\"--awb-bg-size:cover;--awb-width-large:100%;--awb-margin-top-large:0px;--awb-spacing-right-large:1.92%;--awb-margin-bottom-large:0px;--awb-spacing-left-large:1.92%;--awb-width-medium:100%;--awb-spacing-right-medium:1.92%;--awb-spacing-left-medium:1.92%;--awb-width-small:100%;--awb-spacing-right-small:1.92%;--awb-spacing-left-small:1.92%;\"><div class=\"fusion-column-wrapper fusion-flex-justify-content-flex-start fusion-content-layout-column\"><div class=\"fusion-text fusion-text-1\"><p>Gor\u0105co zach\u0119camy do wzi\u0119cia udzia\u0142u w jedynym w roku wydarzeniu, dedykowanym oprogramowaniu Comarch ERP Optima. To doskona\u0142a okazja, aby we wsp\u00f3lnym gronie u\u017cytkownik\u00f3w i tw\u00f3rc\u00f3w systemu, porozmawia\u0107 o wykorzystaniu potencja\u0142u platformy Comarch do rozwoju swojej firmy.<br \/>\n<!--more--><br \/>\nKonferencja kierowana jest przede wszystkim do os\u00f3b zarz\u0105dzaj\u0105cych firmami i chc\u0105cych rozwija\u0107 biznes w Internecie, w\u0142a\u015bcicieli lub prezes\u00f3w firm handlowych, sklep\u00f3w i sieci sklep\u00f3w, cz\u0142onk\u00f3w zarz\u0105du i dyrektor\u00f3w odpowiedzialnych za rozw\u00f3j sprzeda\u017cy B2C oraz B2B.<\/p>\n<p>Nie czekaj i zapisz si\u0119 ju\u017c dzi\u015b!<\/p>\n<p><strong><a href=\"http:\/\/goo.gl\/forms\/KOufGNbMrr6ZM2MD3\" target=\"_blank\" rel=\"noopener\">Wype\u0142nij formularz<\/a><\/strong><\/p>\n<p>Sprawd\u017a nasz\u0105 <a href=\"https:\/\/teneg.pl\/its\/optima\/\">ofert\u0119 wdro\u017cenia systemu Comarch ERP Optima<\/a> dla firm.<\/p>\n<\/div><\/div><\/div><\/div><\/div>\n","protected":false},"excerpt":{"rendered":"<p>Gor\u0105co zach\u0119camy do wzi\u0119cia udzia\u0142u w jedynym w roku wydarzeniu, dedykowanym oprogramowaniu Comarch ERP Optima. To doskona\u0142a okazja, aby we wsp\u00f3lnym gronie u\u017cytkownik\u00f3w i tw\u00f3rc\u00f3w systemu, porozmawia\u0107 o wykorzystaniu potencja\u0142u platformy Comarch do rozwoju swojej firmy.<\/p>\n","protected":false},"author":1,"featured_media":173,"comment_status":"closed","ping_status":"open","sticky":false,"template":"","format":"standard","meta":{"footnotes":""},"categories":[91,6],"tags":[15],"class_list":["post-165","post","type-post","status-publish","format-standard","has-post-thumbnail","hentry","category-wdrozenia_systemow","category-wszystkie","tag-comarch"],"_links":{"self":[{"href":"https:\/\/teneg.pl\/its\/wp-json\/wp\/v2\/posts\/165","targetHints":{"allow":["GET"]}}],"collection":[{"href":"https:\/\/teneg.pl\/its\/wp-json\/wp\/v2\/posts"}],"about":[{"href":"https:\/\/teneg.pl\/its\/wp-json\/wp\/v2\/types\/post"}],"author":[{"embeddable":true,"href":"https:\/\/teneg.pl\/its\/wp-json\/wp\/v2\/users\/1"}],"replies":[{"embeddable":true,"href":"https:\/\/teneg.pl\/its\/wp-json\/wp\/v2\/comments?post=165"}],"version-history":[{"count":4,"href":"https:\/\/teneg.pl\/its\/wp-json\/wp\/v2\/posts\/165\/revisions"}],"predecessor-version":[{"id":19156,"href":"https:\/\/teneg.pl\/its\/wp-json\/wp\/v2\/posts\/165\/revisions\/19156"}],"wp:featuredmedia":[{"embeddable":true,"href":"https:\/\/teneg.pl\/its\/wp-json\/wp\/v2\/media\/173"}],"wp:attachment":[{"href":"https:\/\/teneg.pl\/its\/wp-json\/wp\/v2\/media?parent=165"}],"wp:term":[{"taxonomy":"category","embeddable":true,"href":"https:\/\/teneg.pl\/its\/wp-json\/wp\/v2\/categories?post=165"},{"taxonomy":"post_tag","embeddable":true,"href":"https:\/\/teneg.pl\/its\/wp-json\/wp\/v2\/tags?post=165"}],"curies":[{"name":"wp","href":"https:\/\/api.w.org\/{rel}","templated":true}]}}