{"id":162,"date":"2016-04-15T16:33:22","date_gmt":"2016-04-15T14:33:22","guid":{"rendered":"https:\/\/teneg.pl\/serwis\/aktualnosci\/?p=103"},"modified":"2025-01-16T13:23:25","modified_gmt":"2025-01-16T12:23:25","slug":"inter-europol-na-targach-euro-gastro","status":"publish","type":"post","link":"https:\/\/teneg.pl\/its\/inter-europol-na-targach-euro-gastro\/","title":{"rendered":"Inter Europol na targach Euro Gastro"},"content":{"rendered":"<div class=\"fusion-fullwidth fullwidth-box fusion-builder-row-1 fusion-flex-container nonhundred-percent-fullwidth non-hundred-percent-height-scrolling\" style=\"--awb-border-radius-top-left:0px;--awb-border-radius-top-right:0px;--awb-border-radius-bottom-right:0px;--awb-border-radius-bottom-left:0px;--awb-flex-wrap:wrap;\" ><div class=\"fusion-builder-row fusion-row fusion-flex-align-items-flex-start fusion-flex-content-wrap\" style=\"max-width:1144px;margin-left: calc(-4% \/ 2 );margin-right: calc(-4% \/ 2 );\"><div class=\"fusion-layout-column fusion_builder_column fusion-builder-column-0 fusion_builder_column_1_1 1_1 fusion-flex-column\" style=\"--awb-bg-size:cover;--awb-width-large:100%;--awb-margin-top-large:0px;--awb-spacing-right-large:1.92%;--awb-margin-bottom-large:0px;--awb-spacing-left-large:1.92%;--awb-width-medium:100%;--awb-spacing-right-medium:1.92%;--awb-spacing-left-medium:1.92%;--awb-width-small:100%;--awb-spacing-right-small:1.92%;--awb-spacing-left-small:1.92%;\"><div class=\"fusion-column-wrapper fusion-flex-justify-content-flex-start fusion-content-layout-column\"><div class=\"fusion-text fusion-text-1\"><p>W dniach 6-8 kwietnia odby\u0142a si\u0119 kolejna edycja Targ\u00f3w Euro Gastro, podczas kt\u00f3rych nasz klient &#8211; Inter Europol Pikarnia Szwajcarska prezentowa\u0142 swoje produkty.<br \/>\nWszechstronna obs\u0142uga jak\u0105 \u015bwiadczymy dla tej firmy obejmowa\u0142a tym razem stron\u0119 marketingow\u0105.<br \/>\nPrzygotowany przez nas film reklamowy odtwarzany by\u0142 na stoisku firmowym piekarni. W po\u0142\u0105czeniu z zapachem \u015bwie\u017co wypiekanych na stoisku bu\u0142eczek, film wzbudzi\u0142 wile pozytywnych emocji. Do zobaczenia w przysz\u0142ym roku!<\/p>\n<\/div><\/div><\/div><\/div><\/div>\n","protected":false},"excerpt":{"rendered":"","protected":false},"author":1,"featured_media":172,"comment_status":"closed","ping_status":"open","sticky":false,"template":"","format":"standard","meta":{"footnotes":""},"categories":[90,6],"tags":[121],"class_list":["post-162","post","type-post","status-publish","format-standard","has-post-thumbnail","hentry","category-inne","category-wszystkie","tag-reklama-zewnetrzna"],"_links":{"self":[{"href":"https:\/\/teneg.pl\/its\/wp-json\/wp\/v2\/posts\/162","targetHints":{"allow":["GET"]}}],"collection":[{"href":"https:\/\/teneg.pl\/its\/wp-json\/wp\/v2\/posts"}],"about":[{"href":"https:\/\/teneg.pl\/its\/wp-json\/wp\/v2\/types\/post"}],"author":[{"embeddable":true,"href":"https:\/\/teneg.pl\/its\/wp-json\/wp\/v2\/users\/1"}],"replies":[{"embeddable":true,"href":"https:\/\/teneg.pl\/its\/wp-json\/wp\/v2\/comments?post=162"}],"version-history":[{"count":3,"href":"https:\/\/teneg.pl\/its\/wp-json\/wp\/v2\/posts\/162\/revisions"}],"predecessor-version":[{"id":19158,"href":"https:\/\/teneg.pl\/its\/wp-json\/wp\/v2\/posts\/162\/revisions\/19158"}],"wp:featuredmedia":[{"embeddable":true,"href":"https:\/\/teneg.pl\/its\/wp-json\/wp\/v2\/media\/172"}],"wp:attachment":[{"href":"https:\/\/teneg.pl\/its\/wp-json\/wp\/v2\/media?parent=162"}],"wp:term":[{"taxonomy":"category","embeddable":true,"href":"https:\/\/teneg.pl\/its\/wp-json\/wp\/v2\/categories?post=162"},{"taxonomy":"post_tag","embeddable":true,"href":"https:\/\/teneg.pl\/its\/wp-json\/wp\/v2\/tags?post=162"}],"curies":[{"name":"wp","href":"https:\/\/api.w.org\/{rel}","templated":true}]}}